{"id":28146,"date":"2024-10-06T20:15:15","date_gmt":"2024-10-06T23:15:15","guid":{"rendered":"https:\/\/infovera.com.ar\/web\/?p=28146"},"modified":"2024-10-06T20:15:15","modified_gmt":"2024-10-06T23:15:15","slug":"marcha-del-orgullo","status":"publish","type":"post","link":"https:\/\/infovera.com.ar\/web\/2024\/10\/06\/marcha-del-orgullo\/","title":{"rendered":"Marcha del orgullo"},"content":{"rendered":"<p><strong>El grupo &#8220;Diversidad Calchaqu\u00ed&#8221; realiz\u00f3 la primera marcha de la comunidad LGBT+, desde la Ruta 11 hasta el Anfiteatro.<\/strong><\/p>\n<p>La referente, Laura Gallardo, reivindic\u00f3 esta acci\u00f3n de lucha por la igualdad de oportunidades y para visibilizar los reclamos, las conquistas y el orgullo de la comunidad LGBT por su orientaci\u00f3n sexual e identidad.<\/p>\n<p>El intendente Rub\u00e9n Cuello, la secretaria de Desarrollo Social, Antonela Beltramino y la concejala Milca Garavaglia, entregaron el Decreto por el que se designa coordinadora municipal a Carina Olivarez, de esta nueva \u00e1rea dentro de la Secretar\u00eda de Desarrollo Social.<\/p>\n<p>Felicitaciones a quienes participaron de esta manifestaci\u00f3n de orgullo y luchan por sus derechos.<\/p>\n","protected":false},"excerpt":{"rendered":"<p>El grupo &#8220;Diversidad Calchaqu\u00ed&#8221; realiz\u00f3 la primera marcha de la comunidad LGBT+, desde la Ruta 11 hasta el Anfiteatro. La referente, Laura Gallardo, reivindic\u00f3 esta acci\u00f3n de lucha por la igualdad de oportunidades y para visibilizar los reclamos, las conquistas y el orgullo de la comunidad LGBT por su orientaci\u00f3n sexual e identidad. El intendente [&hellip;]<\/p>\n","protected":false},"author":3,"featured_media":0,"comment_status":"closed","ping_status":"closed","sticky":false,"template":"","format":"standard","meta":{"_joinchat":[],"footnotes":""},"categories":[1],"tags":[],"class_list":{"0":"post-28146","1":"post","2":"type-post","3":"status-publish","4":"format-standard","6":"category-sin-categoria"},"_links":{"self":[{"href":"https:\/\/infovera.com.ar\/web\/wp-json\/wp\/v2\/posts\/28146","targetHints":{"allow":["GET"]}}],"collection":[{"href":"https:\/\/infovera.com.ar\/web\/wp-json\/wp\/v2\/posts"}],"about":[{"href":"https:\/\/infovera.com.ar\/web\/wp-json\/wp\/v2\/types\/post"}],"author":[{"embeddable":true,"href":"https:\/\/infovera.com.ar\/web\/wp-json\/wp\/v2\/users\/3"}],"replies":[{"embeddable":true,"href":"https:\/\/infovera.com.ar\/web\/wp-json\/wp\/v2\/comments?post=28146"}],"version-history":[{"count":0,"href":"https:\/\/infovera.com.ar\/web\/wp-json\/wp\/v2\/posts\/28146\/revisions"}],"wp:attachment":[{"href":"https:\/\/infovera.com.ar\/web\/wp-json\/wp\/v2\/media?parent=28146"}],"wp:term":[{"taxonomy":"category","embeddable":true,"href":"https:\/\/infovera.com.ar\/web\/wp-json\/wp\/v2\/categories?post=28146"},{"taxonomy":"post_tag","embeddable":true,"href":"https:\/\/infovera.com.ar\/web\/wp-json\/wp\/v2\/tags?post=28146"}],"curies":[{"name":"wp","href":"https:\/\/api.w.org\/{rel}","templated":true}]}}