{"id":28131,"date":"2021-10-03T12:33:53","date_gmt":"2021-10-03T15:33:53","guid":{"rendered":"https:\/\/infovera.com.ar\/web\/?p=28131"},"modified":"2021-10-03T12:33:53","modified_gmt":"2021-10-03T15:33:53","slug":"las-toscas-preventiva-sin-plazos-para-un-imputado-por-abusos","status":"publish","type":"post","link":"https:\/\/infovera.com.ar\/web\/2021\/10\/03\/las-toscas-preventiva-sin-plazos-para-un-imputado-por-abusos\/","title":{"rendered":"Las Toscas: preventiva sin plazos para un imputado por abusos"},"content":{"rendered":"<p><strong>En una audiencia celebrada en la OGJ de la ciudad de Las Toscas se realiz\u00f3 en primer t\u00e9rmino la imputaci\u00f3n de una persona identificada como HAB, por el delito de Abuso Sexual con Acceso Carnal Calificado por Convivencia Prexistente con una menor de 18 a\u00f1os .<\/strong><\/p>\n<p>El Ministerio P\u00fablico de la Acusaci\u00f3n estuvo representado por el fiscal Norberto Rios, que luego de una denuncia realizada por un familiar de la v\u00edctima, comenz\u00f3 la investigaci\u00f3n en la cual se pudieron recolectar indicios del abuso.<\/p>\n<p>Los mismos habr\u00edan comenzado en septiembre de 2020, mientras la menor de edad conviv\u00eda con el imputado .<\/p>\n<p>Una vez realizada la denuncia y con el desarrollo de las investigaciones, el fiscal interviniente dispuso la detenci\u00f3n del imputado.<\/p>\n<p>En la audiencia celebrada el d\u00eda 01 de octubre de 2021 por la jueza de la IPP<br \/>\nClaudia Bressan HAB fue imputado por el delito de Abuso Sexual con Acceso Carnal Calificado por la Convivencia Prexistente de una menor de 18 a\u00f1os de edad en calidad de autor ,conforme los Arts. 119 3er p\u00e1rrafo\u00a0 y Art.45 del CP. La jueza declar\u00f3 legal la detenci\u00f3n .<\/p>\n<p>Luego en la misma audiencia y por solicitud del fiscal Rios se dispuso la realizaci\u00f3n una audiencia de anticipo jurisdiccional de pruebas para que la menor pueda declarar, previa evaluaci\u00f3n de los profesionales de si la misma est\u00e1 en condiciones de hacerlo, en C\u00e1mara Gesel.<\/p>\n<p>Tambi\u00e9n la jueza dispuso la prisi\u00f3n preventiva sin plazos del imputado HAB.<\/p>\n<p><img loading=\"lazy\" decoding=\"async\" class=\" wp-image-22351 aligncenter\" src=\"https:\/\/infovera.com.ar\/web\/wp-content\/uploads\/2021\/06\/ACOSTA-3-300x54.jpg\" alt=\"\" width=\"739\" height=\"133\" srcset=\"https:\/\/infovera.com.ar\/web\/wp-content\/uploads\/2021\/06\/ACOSTA-3-300x54.jpg 300w, https:\/\/infovera.com.ar\/web\/wp-content\/uploads\/2021\/06\/ACOSTA-3.jpg 670w\" sizes=\"auto, (max-width: 739px) 100vw, 739px\" \/><\/p>\n","protected":false},"excerpt":{"rendered":"<p>En una audiencia celebrada en la OGJ de la ciudad de Las Toscas se realiz\u00f3 en primer t\u00e9rmino la imputaci\u00f3n de una persona identificada como HAB, por el delito de Abuso Sexual con Acceso Carnal Calificado por Convivencia Prexistente con una menor de 18 a\u00f1os . El Ministerio P\u00fablico de la Acusaci\u00f3n estuvo representado por [&hellip;]<\/p>\n","protected":false},"author":3,"featured_media":28132,"comment_status":"closed","ping_status":"closed","sticky":false,"template":"","format":"standard","meta":{"_joinchat":[],"footnotes":""},"categories":[55],"tags":[],"class_list":{"0":"post-28131","1":"post","2":"type-post","3":"status-publish","4":"format-standard","5":"has-post-thumbnail","7":"category-reconquista"},"_links":{"self":[{"href":"https:\/\/infovera.com.ar\/web\/wp-json\/wp\/v2\/posts\/28131","targetHints":{"allow":["GET"]}}],"collection":[{"href":"https:\/\/infovera.com.ar\/web\/wp-json\/wp\/v2\/posts"}],"about":[{"href":"https:\/\/infovera.com.ar\/web\/wp-json\/wp\/v2\/types\/post"}],"author":[{"embeddable":true,"href":"https:\/\/infovera.com.ar\/web\/wp-json\/wp\/v2\/users\/3"}],"replies":[{"embeddable":true,"href":"https:\/\/infovera.com.ar\/web\/wp-json\/wp\/v2\/comments?post=28131"}],"version-history":[{"count":0,"href":"https:\/\/infovera.com.ar\/web\/wp-json\/wp\/v2\/posts\/28131\/revisions"}],"wp:featuredmedia":[{"embeddable":true,"href":"https:\/\/infovera.com.ar\/web\/wp-json\/wp\/v2\/media\/28132"}],"wp:attachment":[{"href":"https:\/\/infovera.com.ar\/web\/wp-json\/wp\/v2\/media?parent=28131"}],"wp:term":[{"taxonomy":"category","embeddable":true,"href":"https:\/\/infovera.com.ar\/web\/wp-json\/wp\/v2\/categories?post=28131"},{"taxonomy":"post_tag","embeddable":true,"href":"https:\/\/infovera.com.ar\/web\/wp-json\/wp\/v2\/tags?post=28131"}],"curies":[{"name":"wp","href":"https:\/\/api.w.org\/{rel}","templated":true}]}}