{"id":28079,"date":"2021-10-01T10:14:20","date_gmt":"2021-10-01T13:14:20","guid":{"rendered":"https:\/\/infovera.com.ar\/web\/?p=28079"},"modified":"2021-10-03T20:11:37","modified_gmt":"2021-10-03T23:11:37","slug":"omar-walker-tras-superar-el-covid-a-veces-tenemos-la-posibilidad-de-contar-con-un-angel","status":"publish","type":"post","link":"https:\/\/infovera.com.ar\/web\/2021\/10\/01\/omar-walker-tras-superar-el-covid-a-veces-tenemos-la-posibilidad-de-contar-con-un-angel\/","title":{"rendered":"Omar Walker, tras superar el Covid: &#8220;A veces tenemos la posibilidad de contar con un \u00e1ngel&#8221;"},"content":{"rendered":"<p><strong>El presidente comunal de Los Amores, Omar Walker, fue dado de alta tras superar el contagio por coronavirus que lo mantuvo internado.<\/strong><\/p>\n<p>En sus redes, el mandatario reflexion\u00f3: &#8220;Estar acostado en una cama solo en un sanatorio u hospital puede ser lo m\u00e1s penoso en lo sentimental, emocional, an\u00edmico para una persona que padece la enfermedad de Covid-19. El acompa\u00f1amiento cont\u00ednuo de un familiar significa todo para la recuperaci\u00f3n de ese paciente (por favor autoridades v\u00e9anlo)&#8221;.<\/p>\n<p>Pero tambi\u00e9n, &#8220;a veces tenemos la posibilidad de contar con un \u00e1ngel, como ya comenzamos a considerarla varias personas que tuvimos esta enfermedad, me refiero a la Dra. Sandra C\u00e1ceres. Ella, con su conocimiento, su entrega, su tenacidad, su vocaci\u00f3n por atender a sus pacientes, supo diagnosticar, medicar y acompa\u00f1ar profesional y emocionalmente este proceso que me toc\u00f3 transitar a m\u00ed, como tambi\u00e9n a otras personas&#8221;, agradeci\u00f3.<\/p>\n<p>Adem\u00e1s, destac\u00f3 el trabajo realizado por el personal del Hospital, nombrando especialmente a &#8220;Ale y Tincho que estuvieron en todo momento. Tambi\u00e9n Aurora, Aldana, Mar\u00eda, Santiago, Julio, Leo, Jos\u00e9 Luis, Nona, todos pendientes en mi paso por ese nosocomio. Un excelente equipo de trabajo junto a su director Rub\u00e9n Gamarra&#8221;.<\/p>\n<p>Por otro lado, dio las gracias al personal del Hospital Iturraspe &#8220;de campa\u00f1a&#8221;: doctores, enfermeros, personal de mantenimiento de la Sala N\u00b0 06 y brind\u00f3 un &#8220;reconocimiento especial al Dr. Ambroselli y a Paula. Gracias Zulma (jefa de enfermeria) del Hospital Iturraspe Nuevo, que junto a su esposo \u00c1ngel siguieron de cerca mi estado de salud. Asimismo, a Alejandra Morales: gracias por estar. Tambi\u00e9n quiero reconocer y saludar particularmente a Carlitos Kauffman: \u00a1Gracias por todo! De igual manera, agradecer a la Dra. Villa , al Dr Sosa&#8221;.<\/p>\n<p>Y, sobre todo, &#8220;agradecer a Anto por estar al pie del ca\u00f1\u00f3n todo el tiempo, a mis hijos y a todos los amigos, familiares y personas de mi querido pueblo y de otras localidades que estuvieron pendientes y que se unieron en oraci\u00f3n por mi recuperaci\u00f3n: a todos ellos infinitas infinitas infinitas gracias! Les pido que sigan cuid\u00e1ndose porque esto todav\u00eda no termin\u00f3!&#8221;, complet\u00f3.<\/p>\n","protected":false},"excerpt":{"rendered":"<p>El presidente comunal de Los Amores, Omar Walker, fue dado de alta tras superar el contagio por coronavirus que lo mantuvo internado. En sus redes, el mandatario reflexion\u00f3: &#8220;Estar acostado en una cama solo en un sanatorio u hospital puede ser lo m\u00e1s penoso en lo sentimental, emocional, an\u00edmico para una persona que padece la [&hellip;]<\/p>\n","protected":false},"author":3,"featured_media":28080,"comment_status":"closed","ping_status":"closed","sticky":false,"template":"","format":"standard","meta":{"_joinchat":[],"footnotes":""},"categories":[51],"tags":[],"class_list":{"0":"post-28079","1":"post","2":"type-post","3":"status-publish","4":"format-standard","5":"has-post-thumbnail","7":"category-locales"},"_links":{"self":[{"href":"https:\/\/infovera.com.ar\/web\/wp-json\/wp\/v2\/posts\/28079","targetHints":{"allow":["GET"]}}],"collection":[{"href":"https:\/\/infovera.com.ar\/web\/wp-json\/wp\/v2\/posts"}],"about":[{"href":"https:\/\/infovera.com.ar\/web\/wp-json\/wp\/v2\/types\/post"}],"author":[{"embeddable":true,"href":"https:\/\/infovera.com.ar\/web\/wp-json\/wp\/v2\/users\/3"}],"replies":[{"embeddable":true,"href":"https:\/\/infovera.com.ar\/web\/wp-json\/wp\/v2\/comments?post=28079"}],"version-history":[{"count":0,"href":"https:\/\/infovera.com.ar\/web\/wp-json\/wp\/v2\/posts\/28079\/revisions"}],"wp:featuredmedia":[{"embeddable":true,"href":"https:\/\/infovera.com.ar\/web\/wp-json\/wp\/v2\/media\/28080"}],"wp:attachment":[{"href":"https:\/\/infovera.com.ar\/web\/wp-json\/wp\/v2\/media?parent=28079"}],"wp:term":[{"taxonomy":"category","embeddable":true,"href":"https:\/\/infovera.com.ar\/web\/wp-json\/wp\/v2\/categories?post=28079"},{"taxonomy":"post_tag","embeddable":true,"href":"https:\/\/infovera.com.ar\/web\/wp-json\/wp\/v2\/tags?post=28079"}],"curies":[{"name":"wp","href":"https:\/\/api.w.org\/{rel}","templated":true}]}}