{"id":28069,"date":"2021-10-01T11:55:14","date_gmt":"2021-10-01T14:55:14","guid":{"rendered":"https:\/\/infovera.com.ar\/web\/?p=28069"},"modified":"2021-10-03T20:10:38","modified_gmt":"2021-10-03T23:10:38","slug":"bomberos-extinguieron-un-incendio-en-la-cava-municipal","status":"publish","type":"post","link":"https:\/\/infovera.com.ar\/web\/2021\/10\/01\/bomberos-extinguieron-un-incendio-en-la-cava-municipal\/","title":{"rendered":"Bomberos extinguieron un incendio en la cava municipal"},"content":{"rendered":"<p><strong>Ayer a la tarde, el Cuartel Agrupaci\u00f3n Vera trabaj\u00f3 alrededor de una hora en varios focos \u00edgneos sobre basuras varias en la Cava Municipal.<\/strong><\/p>\n<p>Para sofocar las llamas, los bomberos utilizaron una l\u00ednea devanadera del m\u00f3vil concurrente, demandando 3000 litros de agua.<\/p>\n<p>Como consecuencia del proceso de combusti\u00f3n, quedaron afectados 50 metros<br \/>\ncuadrados aproximadamente.<\/p>\n<p>En el lugar se encontraba presente personal del municipio. Terminada dicha tarea, los bomberos regresaron al cuartel.<\/p>\n<p><img loading=\"lazy\" decoding=\"async\" class=\" wp-image-22351 aligncenter\" src=\"https:\/\/infovera.com.ar\/web\/wp-content\/uploads\/2021\/06\/ACOSTA-3-300x54.jpg\" alt=\"\" width=\"733\" height=\"132\" srcset=\"https:\/\/infovera.com.ar\/web\/wp-content\/uploads\/2021\/06\/ACOSTA-3-300x54.jpg 300w, https:\/\/infovera.com.ar\/web\/wp-content\/uploads\/2021\/06\/ACOSTA-3.jpg 670w\" sizes=\"auto, (max-width: 733px) 100vw, 733px\" \/><\/p>\n","protected":false},"excerpt":{"rendered":"<p>Ayer a la tarde, el Cuartel Agrupaci\u00f3n Vera trabaj\u00f3 alrededor de una hora en varios focos \u00edgneos sobre basuras varias en la Cava Municipal. Para sofocar las llamas, los bomberos utilizaron una l\u00ednea devanadera del m\u00f3vil concurrente, demandando 3000 litros de agua. Como consecuencia del proceso de combusti\u00f3n, quedaron afectados 50 metros cuadrados aproximadamente. En [&hellip;]<\/p>\n","protected":false},"author":3,"featured_media":28070,"comment_status":"closed","ping_status":"closed","sticky":false,"template":"","format":"standard","meta":{"_joinchat":[],"footnotes":""},"categories":[30,53],"tags":[],"class_list":{"0":"post-28069","1":"post","2":"type-post","3":"status-publish","4":"format-standard","5":"has-post-thumbnail","7":"category-policiales","8":"category-vera"},"_links":{"self":[{"href":"https:\/\/infovera.com.ar\/web\/wp-json\/wp\/v2\/posts\/28069","targetHints":{"allow":["GET"]}}],"collection":[{"href":"https:\/\/infovera.com.ar\/web\/wp-json\/wp\/v2\/posts"}],"about":[{"href":"https:\/\/infovera.com.ar\/web\/wp-json\/wp\/v2\/types\/post"}],"author":[{"embeddable":true,"href":"https:\/\/infovera.com.ar\/web\/wp-json\/wp\/v2\/users\/3"}],"replies":[{"embeddable":true,"href":"https:\/\/infovera.com.ar\/web\/wp-json\/wp\/v2\/comments?post=28069"}],"version-history":[{"count":0,"href":"https:\/\/infovera.com.ar\/web\/wp-json\/wp\/v2\/posts\/28069\/revisions"}],"wp:featuredmedia":[{"embeddable":true,"href":"https:\/\/infovera.com.ar\/web\/wp-json\/wp\/v2\/media\/28070"}],"wp:attachment":[{"href":"https:\/\/infovera.com.ar\/web\/wp-json\/wp\/v2\/media?parent=28069"}],"wp:term":[{"taxonomy":"category","embeddable":true,"href":"https:\/\/infovera.com.ar\/web\/wp-json\/wp\/v2\/categories?post=28069"},{"taxonomy":"post_tag","embeddable":true,"href":"https:\/\/infovera.com.ar\/web\/wp-json\/wp\/v2\/tags?post=28069"}],"curies":[{"name":"wp","href":"https:\/\/api.w.org\/{rel}","templated":true}]}}