{"id":28063,"date":"2021-09-30T14:39:29","date_gmt":"2021-09-30T17:39:29","guid":{"rendered":"https:\/\/infovera.com.ar\/web\/?p=28063"},"modified":"2021-09-30T14:39:29","modified_gmt":"2021-09-30T17:39:29","slug":"guille-cantero-fue-condenado-a-28-anos-de-prision-por-ataques-a-edificios-judiciales","status":"publish","type":"post","link":"https:\/\/infovera.com.ar\/web\/2021\/09\/30\/guille-cantero-fue-condenado-a-28-anos-de-prision-por-ataques-a-edificios-judiciales\/","title":{"rendered":"&#8220;Guille&#8221; Cantero fue condenado a 28 a\u00f1os de prisi\u00f3n por ataques a edificios judiciales"},"content":{"rendered":"<p><strong>Acumula 84 a\u00f1os de c\u00e1rcel en siete sentencias diferentes.<\/strong><\/p>\n<p>Este jueves pasado el mediod\u00eda se conoci\u00f3 el veredicto contra Ariel M\u00e1ximo \u201cGuille\u201d Cantero, sindicado l\u00edder de la banda narco Los Monos, por ataques a inmuebles ligados a la Justicia<\/p>\n<p>La condena impuesta es por 22 a\u00f1os y se convierte en la s\u00e9ptima sentencia en contra del jefe de la banda de Rosario; pena que se le unific\u00f3 en 28 a\u00f1os por una condena previa que ten\u00eda.<\/p>\n<p>La justicia investigaba a Cantero como acusado de instigar siete de los diez ataques a tiros a domicilios de magistrados y edificios judiciales ocurridos en 2018 en el sur de la provincia de Santa Fe.<\/p>\n<p>Con estas sentencias, el l\u00edder de la banda de Los Monos suma 84 a\u00f1os que deber\u00eda pasar en prisi\u00f3n.<\/p>\n<p>Las investigaciones estuvieron comandadas por los fiscales Miguel Moreno, Mat\u00edas Edery y Gast\u00f3n \u00c1vila del Ministerio P\u00fablico de la Acusaci\u00f3n.<\/p>\n<p>\u201cDisput\u00f3 al Estado su autoridad al mantener en vilo a una ciudad entera\u201d, expres\u00f3 Moreno en sus alegatos finales.<\/p>\n<p>Mientras se conoc\u00eda el veredicto, un fuerte operativo policial se desplegaba en las adyacencias.<\/p>\n","protected":false},"excerpt":{"rendered":"<p>Acumula 84 a\u00f1os de c\u00e1rcel en siete sentencias diferentes. Este jueves pasado el mediod\u00eda se conoci\u00f3 el veredicto contra Ariel M\u00e1ximo \u201cGuille\u201d Cantero, sindicado l\u00edder de la banda narco Los Monos, por ataques a inmuebles ligados a la Justicia La condena impuesta es por 22 a\u00f1os y se convierte en la s\u00e9ptima sentencia en contra [&hellip;]<\/p>\n","protected":false},"author":3,"featured_media":28064,"comment_status":"closed","ping_status":"closed","sticky":false,"template":"","format":"standard","meta":{"_joinchat":[],"footnotes":""},"categories":[60],"tags":[],"class_list":{"0":"post-28063","1":"post","2":"type-post","3":"status-publish","4":"format-standard","5":"has-post-thumbnail","7":"category-provinciales"},"_links":{"self":[{"href":"https:\/\/infovera.com.ar\/web\/wp-json\/wp\/v2\/posts\/28063","targetHints":{"allow":["GET"]}}],"collection":[{"href":"https:\/\/infovera.com.ar\/web\/wp-json\/wp\/v2\/posts"}],"about":[{"href":"https:\/\/infovera.com.ar\/web\/wp-json\/wp\/v2\/types\/post"}],"author":[{"embeddable":true,"href":"https:\/\/infovera.com.ar\/web\/wp-json\/wp\/v2\/users\/3"}],"replies":[{"embeddable":true,"href":"https:\/\/infovera.com.ar\/web\/wp-json\/wp\/v2\/comments?post=28063"}],"version-history":[{"count":0,"href":"https:\/\/infovera.com.ar\/web\/wp-json\/wp\/v2\/posts\/28063\/revisions"}],"wp:featuredmedia":[{"embeddable":true,"href":"https:\/\/infovera.com.ar\/web\/wp-json\/wp\/v2\/media\/28064"}],"wp:attachment":[{"href":"https:\/\/infovera.com.ar\/web\/wp-json\/wp\/v2\/media?parent=28063"}],"wp:term":[{"taxonomy":"category","embeddable":true,"href":"https:\/\/infovera.com.ar\/web\/wp-json\/wp\/v2\/categories?post=28063"},{"taxonomy":"post_tag","embeddable":true,"href":"https:\/\/infovera.com.ar\/web\/wp-json\/wp\/v2\/tags?post=28063"}],"curies":[{"name":"wp","href":"https:\/\/api.w.org\/{rel}","templated":true}]}}