{"id":28032,"date":"2021-09-29T12:15:10","date_gmt":"2021-09-29T15:15:10","guid":{"rendered":"https:\/\/infovera.com.ar\/web\/?p=28032"},"modified":"2021-09-29T12:15:10","modified_gmt":"2021-09-29T15:15:10","slug":"entrega-de-tarjetas-alimentar","status":"publish","type":"post","link":"https:\/\/infovera.com.ar\/web\/2021\/09\/29\/entrega-de-tarjetas-alimentar\/","title":{"rendered":"Entrega de tarjetas AlimentAR"},"content":{"rendered":"<p><strong>Se entregaron tarjetas AlimentAR a nuevos beneficiarios de Calchaqu\u00ed, La Gallareta, Margarita y Pedro G\u00f3mez Cello.<\/strong><\/p>\n<p>En un operativo conjunto entre la Secretar\u00eda de Desarrollo Social, el SEM y la Secretar\u00eda de Seguridad de Calchaqu\u00ed se llev\u00f3 a cabo la entrega dispuesta por el Ministerio de Desarrollo Social Provincial.<\/p>\n<p><strong>Tarjeta AlimentAR<\/strong><\/p>\n<p>Es una pol\u00edtica de complemento integral alimentario implementada por el Ministerio de Desarrollo Social de la Naci\u00f3n, mediante el Plan Argentina contra el Hambre.<\/p>\n<p>Le corresponde a personas que cobren la Asignaci\u00f3n Universal por Hijo con ni\u00f1os de hasta 6 a\u00f1os inclusive, embarazadas a partir de los 3 meses que cobren la Asignaci\u00f3n por Embarazo y personas con discapacidad que cobren la AUH.<\/p>\n","protected":false},"excerpt":{"rendered":"<p>Se entregaron tarjetas AlimentAR a nuevos beneficiarios de Calchaqu\u00ed, La Gallareta, Margarita y Pedro G\u00f3mez Cello. En un operativo conjunto entre la Secretar\u00eda de Desarrollo Social, el SEM y la Secretar\u00eda de Seguridad de Calchaqu\u00ed se llev\u00f3 a cabo la entrega dispuesta por el Ministerio de Desarrollo Social Provincial. Tarjeta AlimentAR Es una pol\u00edtica de [&hellip;]<\/p>\n","protected":false},"author":3,"featured_media":28033,"comment_status":"closed","ping_status":"closed","sticky":false,"template":"","format":"standard","meta":{"_joinchat":[],"footnotes":""},"categories":[52],"tags":[],"class_list":{"0":"post-28032","1":"post","2":"type-post","3":"status-publish","4":"format-standard","5":"has-post-thumbnail","7":"category-calchaqui"},"_links":{"self":[{"href":"https:\/\/infovera.com.ar\/web\/wp-json\/wp\/v2\/posts\/28032","targetHints":{"allow":["GET"]}}],"collection":[{"href":"https:\/\/infovera.com.ar\/web\/wp-json\/wp\/v2\/posts"}],"about":[{"href":"https:\/\/infovera.com.ar\/web\/wp-json\/wp\/v2\/types\/post"}],"author":[{"embeddable":true,"href":"https:\/\/infovera.com.ar\/web\/wp-json\/wp\/v2\/users\/3"}],"replies":[{"embeddable":true,"href":"https:\/\/infovera.com.ar\/web\/wp-json\/wp\/v2\/comments?post=28032"}],"version-history":[{"count":0,"href":"https:\/\/infovera.com.ar\/web\/wp-json\/wp\/v2\/posts\/28032\/revisions"}],"wp:featuredmedia":[{"embeddable":true,"href":"https:\/\/infovera.com.ar\/web\/wp-json\/wp\/v2\/media\/28033"}],"wp:attachment":[{"href":"https:\/\/infovera.com.ar\/web\/wp-json\/wp\/v2\/media?parent=28032"}],"wp:term":[{"taxonomy":"category","embeddable":true,"href":"https:\/\/infovera.com.ar\/web\/wp-json\/wp\/v2\/categories?post=28032"},{"taxonomy":"post_tag","embeddable":true,"href":"https:\/\/infovera.com.ar\/web\/wp-json\/wp\/v2\/tags?post=28032"}],"curies":[{"name":"wp","href":"https:\/\/api.w.org\/{rel}","templated":true}]}}