{"id":27990,"date":"2021-09-27T17:59:22","date_gmt":"2021-09-27T20:59:22","guid":{"rendered":"https:\/\/infovera.com.ar\/web\/?p=27990"},"modified":"2021-09-27T17:59:22","modified_gmt":"2021-09-27T20:59:22","slug":"atr-juventudes-la-provincia-extendio-la-convocatoria-para-la-presentacion-de-proyectos-participativos-y-emprendimientos","status":"publish","type":"post","link":"https:\/\/infovera.com.ar\/web\/2021\/09\/27\/atr-juventudes-la-provincia-extendio-la-convocatoria-para-la-presentacion-de-proyectos-participativos-y-emprendimientos\/","title":{"rendered":"ATR Juventudes: La provincia extendi\u00f3 la convocatoria para la presentaci\u00f3n de proyectos participativos y emprendimientos"},"content":{"rendered":"<p>El gobierno provincial, a trav\u00e9s del Ministerio de Igualdad, G\u00e9nero y Diversidad y la Agencia ATR Juventudes, extendi\u00f3 la convocatoria para la presentaci\u00f3n de proyectos y emprendimientos, en las l\u00edneas \u201cProyectos Participativos\u201d e \u201cImpulsate\u201d, hasta el 14 de octubre primo.<\/p>\n<p>La coordinadora de ATR Juventudes, Milagros Monserrat, explic\u00f3 que la extensi\u00f3n de la convocatoria obedece a que \u201centendemos que es muy importante que las y los j\u00f3venes de cada una de las localidades de nuestra provincia puedan participar y encontrar en el Estado las herramientas necesarias para llevar adelante sus proyectos\u201d.<\/p>\n<p>\u201cConsideramos fundamental que este tipo de pol\u00edticas puedan llegar a cada joven en todo el territorio de la provincia, a trav\u00e9s del Estado, para que sean protagonistas del crecimiento de Santa Fe. Desde el Ministerio de Igualdad, G\u00e9nero y Diversidad y la Agencia ATR, vamos a seguir acompa\u00f1ando estos procesos en pos de juventudes con mejores oportunidades\u201c, asegur\u00f3 Monserrat.<\/p>\n<p><strong>LAS DOS\u00a0PROPUESTAS<\/strong><\/p>\n<p>\u201cProyectos Participativos\u201d busca promover ideas de j\u00f3venes que tengan impacto positivo en las comunidades de todo el territorio santafesino. El a\u00f1o pasado, se aprobaron m\u00e1s de 840 proyectos en las distintas tem\u00e1ticas, priorizando las propuestas relacionadas con conectividad y nuevas tecnolog\u00edas, ambiente, acciones que den respuestas a problemas econ\u00f3micos, sociales, educativos, culturales y de promoci\u00f3n de derechos, surgidas en el contexto de la pandemia del Covid-19.<\/p>\n<p>En tanto, la novedad de esta convocatoria es la l\u00ednea \u201cImpulsate\u201d, orientada a apoyar emprendimientos colectivos y productivos, tambi\u00e9n conformados por j\u00f3venes. Se consideran de inter\u00e9s los proyectos que generen un impacto social positivo y que contribuyan al desarrollo humano, a la sostenibilidad ambiental y al desarrollo econ\u00f3mico de la provincia, priorizando los proyectos que incorporen la perspectiva de G\u00e9nero y que propongan innovaciones productivas o tecnol\u00f3gicas.<\/p>\n<p><strong>C\u00d3MO PARTICIPAR<\/strong><\/p>\n<p>Los interesados e interesadas en concursar dentro de \u201cProyectos Participativos\u201d deben tener entre 15 y 29 a\u00f1os. Las tem\u00e1ticas incluidas son G\u00e9nero y Diversidad, Ambiente, Nuevas Tecnolog\u00edas, Salud, Deportes, Cultura y Redes Solidarias.<\/p>\n<p>Mientras que, para participar de la l\u00ednea \u201cImpulsate\u201d, es necesario tener entre 18 y 29 a\u00f1os y pueden presentarse propuestas de emprendimientos de Dise\u00f1o Sustentable, Innovaci\u00f3n Tecnol\u00f3gica, Carpinter\u00eda, Accesorios y Talabarter\u00eda, Alimentaci\u00f3n Saludable, Textiles y Calzado, Programaci\u00f3n y Producci\u00f3n Agraria.<\/p>\n<p>Los proyectos deben presentarse a trav\u00e9s del\u00a0<a href=\"http:\/\/www.santafe.gob.ar\/index.php\/web\/content\/view\/full\/236649\" target=\"_blank\" rel=\"noopener noreferrer\" data-saferedirecturl=\"https:\/\/www.google.com\/url?q=http:\/\/www.santafe.gob.ar\/index.php\/web\/content\/view\/full\/236649&amp;source=gmail&amp;ust=1632862356793000&amp;usg=AFQjCNEjZEOF7OE0t9uj6w4FKo9woKOMeg\">Formulario Online<\/a>\u00a0disponible en la p\u00e1gina web del gobierno provinical, donde tambi\u00e9n est\u00e1n las bases y condiciones. Los planes seleccionados ser\u00e1n financiados con un monto m\u00e1ximo de 70.000 pesos.<\/p>\n<p><strong>J\u00d3VENES Y POL\u00cdTICAS TRANSVERSALES<\/strong><\/p>\n<p>A trav\u00e9s de la Agencia ATR Juventudes Santa Fe, el Ministerio de lgualdad, G\u00e9nero y Diversidad genera pol\u00edticas p\u00fablicas transversales orientadas a los y las j\u00f3venes de la provincia, haciendo foco en la articulaci\u00f3n interministerial, con objetivo de priorizar que las juventudes encuentren, a trav\u00e9s del acompa\u00f1amiento del Estado, las herramientas para desarrollar sus proyectos de vida, expresar sus ideas y construir sus sue\u00f1os.<\/p>\n<p>En este sentido, las pol\u00edticas p\u00fablicas est\u00e1n basadas en cuatro l\u00edneas fundamentales: Autonom\u00eda, Transformaci\u00f3n, Desarrollo y Territorialidad, buscando fortalecer la participaci\u00f3n de los y las j\u00f3venes en todo el proceso. Desde un enfoque transversal e integral, se trabaja en pos de darle perspectiva joven a las pol\u00edticas que piensen las distintas \u00e1reas del gobierno.<\/p>\n","protected":false},"excerpt":{"rendered":"<p>El gobierno provincial, a trav\u00e9s del Ministerio de Igualdad, G\u00e9nero y Diversidad y la Agencia ATR Juventudes, extendi\u00f3 la convocatoria para la presentaci\u00f3n de proyectos y emprendimientos, en las l\u00edneas \u201cProyectos Participativos\u201d e \u201cImpulsate\u201d, hasta el 14 de octubre primo. La coordinadora de ATR Juventudes, Milagros Monserrat, explic\u00f3 que la extensi\u00f3n de la convocatoria obedece [&hellip;]<\/p>\n","protected":false},"author":3,"featured_media":27991,"comment_status":"closed","ping_status":"closed","sticky":false,"template":"","format":"standard","meta":{"_joinchat":[],"footnotes":""},"categories":[1],"tags":[],"class_list":{"0":"post-27990","1":"post","2":"type-post","3":"status-publish","4":"format-standard","5":"has-post-thumbnail","7":"category-sin-categoria"},"_links":{"self":[{"href":"https:\/\/infovera.com.ar\/web\/wp-json\/wp\/v2\/posts\/27990","targetHints":{"allow":["GET"]}}],"collection":[{"href":"https:\/\/infovera.com.ar\/web\/wp-json\/wp\/v2\/posts"}],"about":[{"href":"https:\/\/infovera.com.ar\/web\/wp-json\/wp\/v2\/types\/post"}],"author":[{"embeddable":true,"href":"https:\/\/infovera.com.ar\/web\/wp-json\/wp\/v2\/users\/3"}],"replies":[{"embeddable":true,"href":"https:\/\/infovera.com.ar\/web\/wp-json\/wp\/v2\/comments?post=27990"}],"version-history":[{"count":0,"href":"https:\/\/infovera.com.ar\/web\/wp-json\/wp\/v2\/posts\/27990\/revisions"}],"wp:featuredmedia":[{"embeddable":true,"href":"https:\/\/infovera.com.ar\/web\/wp-json\/wp\/v2\/media\/27991"}],"wp:attachment":[{"href":"https:\/\/infovera.com.ar\/web\/wp-json\/wp\/v2\/media?parent=27990"}],"wp:term":[{"taxonomy":"category","embeddable":true,"href":"https:\/\/infovera.com.ar\/web\/wp-json\/wp\/v2\/categories?post=27990"},{"taxonomy":"post_tag","embeddable":true,"href":"https:\/\/infovera.com.ar\/web\/wp-json\/wp\/v2\/tags?post=27990"}],"curies":[{"name":"wp","href":"https:\/\/api.w.org\/{rel}","templated":true}]}}