{"id":27964,"date":"2021-09-27T09:35:08","date_gmt":"2021-09-27T12:35:08","guid":{"rendered":"https:\/\/infovera.com.ar\/web\/?p=27964"},"modified":"2021-09-27T09:35:08","modified_gmt":"2021-09-27T12:35:08","slug":"reconquista-natalia-capparelli-la-mas-votada-en-las-primarias-piensa-en-grande","status":"publish","type":"post","link":"https:\/\/infovera.com.ar\/web\/2021\/09\/27\/reconquista-natalia-capparelli-la-mas-votada-en-las-primarias-piensa-en-grande\/","title":{"rendered":"Reconquista: Natalia Capparelli, la m\u00e1s votada en las primarias piensa en grande"},"content":{"rendered":"<p><strong>La actual concejala opositora fue la gran electora de la Paso. As\u00ed, consolid\u00f3 su liderazgo en el radicalismo que integra JxC. Apuesta por un triunfo en noviembre que la catapulte al 2023.<\/strong><\/p>\n<p>Desde que se conocieron los resultados de las primeras mesas la tendencia fue abrumadora e irreversible en favor de la precandidata de la Lista \u201cJuntos para Cambiar Reconquista\u201d. Con cada nueva mesa contabilizada, Natalia Capparelli estir\u00f3 ventajas al punto de posicionarse como la gran electora de esta primera cita electoral en la categor\u00eda Concejales.<\/p>\n<p>Obtuvo 8.249 votos, el 46 por ciento de los emitidos en la interna de Juntos por el Cambio, que gan\u00f3 la interna contra Frente de Todos en Reconquista. El resultado del domingo 12 no solo sirvi\u00f3 para que los vecinos elijan y decidan qui\u00e9nes son los candidatos de cada fuerza para las elecciones de noviembre, sino tambi\u00e9n para reacomodar el mapa interno del radicalismo y de Juntos por el Cambio en este distrito.<\/p>\n<p>La actual edil Natalia Capparelli consolid\u00f3 con creces su liderazgo en el radicalismo, y seguramente suceder\u00e1 lo propio en Juntos por el Cambio. La abogada y concejal que busca su reelecci\u00f3n, de 41 a\u00f1os de edad, milita en el espacio Ateneo \u201cArturo Illia\u201d, que a nivel departamental se referencia con el ex legislador provincial Federico Pezz -quien estuvo acompa\u00f1ando a Capparelli durante toda la campa\u00f1a que les dio el triunfo y sali\u00f3 fortalecido con los resultados como armador del espacio -, en tanto que en el plano provincial est\u00e1 nucleado con el Mario Barletta, precandidato a diputado nacional.<\/p>\n<p>Seriedad y sensatez<\/p>\n<p>Y aunque pidi\u00f3 ir \u201cpaso a paso\u201d porque \u201cahora tenemos que lograr la unidad y participaci\u00f3n de todos los espacios y candidatos que compitieron en la Paso, y trabajar para lograr un triunfo en noviembre\u201d, se anim\u00f3 a pensar en ser candidata a intendente en el 2023 ya que \u201ces algo que me le piden los vecinos cuando recorro la ciudad\u201d.<\/p>\n<p>Fiel a estilo, asegur\u00f3 que para ella \u201cla seriedad y sensatez son clave para hacer pol\u00edtica\u201d, y que elije \u201ctransitar su carrera pol\u00edtica desde el dialogo, el respeto, la b\u00fasqueda permanente de consensos, la construcci\u00f3n colectiva\u201d.<\/p>\n<p>En ese plano, sostuvo que \u201cser la candidata m\u00e1s votada por los vecinos, con una amplia diferencia sobre el resto me llena de satisfacci\u00f3n, pero tambi\u00e9n siento la enorme responsabilidad que est\u00e1n poniendo en mis manos\u201d.<\/p>\n<p>Sobre el tiempo que viene, se comprometi\u00f3 a \u201cseguir trabajando como lo hice hasta ahora, con compromiso, seriedad, sinceridad y responsabilidad, de cara a los vecinos, transformando sus reclamos, sus ideas sus iniciativas en proyectos o gestiones\u201d.<\/p>\n<p><strong>Apoyo un\u00e1nime<\/strong><\/p>\n<p>En la semana que pas\u00f3, se llev\u00f3 a cabo una importante reuni\u00f3n en el Comit\u00e9 de la UCR convocada por Natalia Capparelli, presidenta de la UCR Distrito Reconquista y candidata a concejal, a la que asistieron dirigentes del radicalismo de las distintas expresiones, ex intendentes, ex concejales, funcionarios y, los precandidatos de las listas que compitieron en las pasadas elecciones primarias.<\/p>\n<p>En el c\u00f3nclave que fue presidido por edil, en el estuvieron presentes el ex intendente Carlos Fabriss\u00edn y un nutrido grupo de dirigentes y simpatizantes, por unanimidad se decidi\u00f3 que el \u201cradicalismo unido\u201d debe salir a acompa\u00f1ar a la lista que surgi\u00f3 de las Paso, que qued\u00f3 integrada por dirigentes de ambas l\u00edneas: Natalia Capparelli, Walter Kreni, Hugo Firman, Katia Passarino y Luisina Pietropaolo.<\/p>\n<p>Sobre el apoyo recibido, Natalia Capparelli manifest\u00f3: \u201cQuiero que los radicales trabajemos unidos, la UCR &#8211; en Juntos por el Cambio &#8211; tiene una oportunidad hist\u00f3rica de obtener la mayor\u00eda en el Concejo y consolidar el camino al 2023. Agradezco el apoyo de todos y, tambi\u00e9n agradezco el acompa\u00f1amiento de Walter y Katia que, a partir de ahora, somos una sola lista, un solo grupo y tenemos un mismo objetivo\u201d.<\/p>\n","protected":false},"excerpt":{"rendered":"<p>La actual concejala opositora fue la gran electora de la Paso. As\u00ed, consolid\u00f3 su liderazgo en el radicalismo que integra JxC. Apuesta por un triunfo en noviembre que la catapulte al 2023. Desde que se conocieron los resultados de las primeras mesas la tendencia fue abrumadora e irreversible en favor de la precandidata de la [&hellip;]<\/p>\n","protected":false},"author":3,"featured_media":27965,"comment_status":"closed","ping_status":"closed","sticky":false,"template":"","format":"standard","meta":{"_joinchat":[],"footnotes":""},"categories":[66],"tags":[],"class_list":{"0":"post-27964","1":"post","2":"type-post","3":"status-publish","4":"format-standard","5":"has-post-thumbnail","7":"category-politica"},"_links":{"self":[{"href":"https:\/\/infovera.com.ar\/web\/wp-json\/wp\/v2\/posts\/27964","targetHints":{"allow":["GET"]}}],"collection":[{"href":"https:\/\/infovera.com.ar\/web\/wp-json\/wp\/v2\/posts"}],"about":[{"href":"https:\/\/infovera.com.ar\/web\/wp-json\/wp\/v2\/types\/post"}],"author":[{"embeddable":true,"href":"https:\/\/infovera.com.ar\/web\/wp-json\/wp\/v2\/users\/3"}],"replies":[{"embeddable":true,"href":"https:\/\/infovera.com.ar\/web\/wp-json\/wp\/v2\/comments?post=27964"}],"version-history":[{"count":0,"href":"https:\/\/infovera.com.ar\/web\/wp-json\/wp\/v2\/posts\/27964\/revisions"}],"wp:featuredmedia":[{"embeddable":true,"href":"https:\/\/infovera.com.ar\/web\/wp-json\/wp\/v2\/media\/27965"}],"wp:attachment":[{"href":"https:\/\/infovera.com.ar\/web\/wp-json\/wp\/v2\/media?parent=27964"}],"wp:term":[{"taxonomy":"category","embeddable":true,"href":"https:\/\/infovera.com.ar\/web\/wp-json\/wp\/v2\/categories?post=27964"},{"taxonomy":"post_tag","embeddable":true,"href":"https:\/\/infovera.com.ar\/web\/wp-json\/wp\/v2\/tags?post=27964"}],"curies":[{"name":"wp","href":"https:\/\/api.w.org\/{rel}","templated":true}]}}