{"id":27960,"date":"2021-09-27T09:31:29","date_gmt":"2021-09-27T12:31:29","guid":{"rendered":"https:\/\/infovera.com.ar\/web\/?p=27960"},"modified":"2021-09-27T09:32:30","modified_gmt":"2021-09-27T12:32:30","slug":"lo-peor-ya-paso","status":"publish","type":"post","link":"https:\/\/infovera.com.ar\/web\/2021\/09\/27\/lo-peor-ya-paso\/","title":{"rendered":"Lo peor ya pas\u00f3"},"content":{"rendered":"<p><strong>La situaci\u00f3n respecto de la capacidad del Cementerio Municipal de Reconquista dista de ser complicada en atenci\u00f3n a la disponibilidad de lugares para inhumaciones.<\/strong><\/p>\n<p>As\u00ed lo dej\u00f3 saber a <strong>InfoVera<\/strong> el encargado del lugar, Gustavo Franco, quien refiri\u00f3 que \u201choy por hoy son 30 los nichos disponibles\u201d, un n\u00famero que se mantiene estable en el tiempo debido al trabajo coordinado de empleados destinados a las tareas de reducciones, y a la construcci\u00f3n de nuevas unidades en altura. M\u00e1s la constante renovaci\u00f3n de plazas en fosas de tierra y en panteones, estos \u00faltimos ubicados en la avenida central que conduce a la Cruz Mayor.<\/p>\n<p>Habr\u00eda m\u00e1s lugar si la gente cumplir\u00eda con los tiempos de reducir a sus familiares, pero hay muchos casos en que se olvidan y hay que intimarlos para que vengan, eso demora a veces la din\u00e1mica de funcionamiento, relat\u00f3.<\/p>\n<p>Para Franco, \u201clo peor ya pas\u00f3\u201d, en relaci\u00f3n a los meses de mayo, junio y julio, cuando los efectos luctuosos de la pandemia arreciaron con mayor intensidad sobre la ciudad y pusieron en entredicho al camposanto municipal en cuanto a soportar esa crisis de demanda.<\/p>\n<p>\u201cAc\u00e1 hay un centenar de personas enterradas que murieron por Covid\u201d, precis\u00f3, y agreg\u00f3 que \u201cno fue f\u00e1cil al principio porque no se sab\u00eda nada de la enfermedad, pero los muchachos trabajaron igual con mucha responsabilidad y lo sacamos adelante. Recibir un caj\u00f3n con un fallecido por coronavirus era todo un riesgo, y a veces ven\u00edan al acompa\u00f1amiento familiares que estaban contagiados y no los pod\u00edamos frenar\u201d.<\/p>\n<p>En Reconquista, la cantidad de fallecidos por Covid asciende a 210 personas al cierre de esta edici\u00f3n. Muchos de estos decesos se produjeron durante este a\u00f1o y se suman a los fallecimientos habituales. Adem\u00e1s de la labor desarrollada por los operarios municipales, dos cuestiones coadyuvaron a que el escenario no sea de colapso: la existencia de un cementerio privado en la zona sur de la ciudad, y de una sala crematoria instalada en Avellaneda.<\/p>\n","protected":false},"excerpt":{"rendered":"<p>La situaci\u00f3n respecto de la capacidad del Cementerio Municipal de Reconquista dista de ser complicada en atenci\u00f3n a la disponibilidad de lugares para inhumaciones. As\u00ed lo dej\u00f3 saber a InfoVera el encargado del lugar, Gustavo Franco, quien refiri\u00f3 que \u201choy por hoy son 30 los nichos disponibles\u201d, un n\u00famero que se mantiene estable en el [&hellip;]<\/p>\n","protected":false},"author":3,"featured_media":27961,"comment_status":"closed","ping_status":"closed","sticky":false,"template":"","format":"standard","meta":{"_joinchat":[],"footnotes":""},"categories":[55],"tags":[],"class_list":{"0":"post-27960","1":"post","2":"type-post","3":"status-publish","4":"format-standard","5":"has-post-thumbnail","7":"category-reconquista"},"_links":{"self":[{"href":"https:\/\/infovera.com.ar\/web\/wp-json\/wp\/v2\/posts\/27960","targetHints":{"allow":["GET"]}}],"collection":[{"href":"https:\/\/infovera.com.ar\/web\/wp-json\/wp\/v2\/posts"}],"about":[{"href":"https:\/\/infovera.com.ar\/web\/wp-json\/wp\/v2\/types\/post"}],"author":[{"embeddable":true,"href":"https:\/\/infovera.com.ar\/web\/wp-json\/wp\/v2\/users\/3"}],"replies":[{"embeddable":true,"href":"https:\/\/infovera.com.ar\/web\/wp-json\/wp\/v2\/comments?post=27960"}],"version-history":[{"count":0,"href":"https:\/\/infovera.com.ar\/web\/wp-json\/wp\/v2\/posts\/27960\/revisions"}],"wp:featuredmedia":[{"embeddable":true,"href":"https:\/\/infovera.com.ar\/web\/wp-json\/wp\/v2\/media\/27961"}],"wp:attachment":[{"href":"https:\/\/infovera.com.ar\/web\/wp-json\/wp\/v2\/media?parent=27960"}],"wp:term":[{"taxonomy":"category","embeddable":true,"href":"https:\/\/infovera.com.ar\/web\/wp-json\/wp\/v2\/categories?post=27960"},{"taxonomy":"post_tag","embeddable":true,"href":"https:\/\/infovera.com.ar\/web\/wp-json\/wp\/v2\/tags?post=27960"}],"curies":[{"name":"wp","href":"https:\/\/api.w.org\/{rel}","templated":true}]}}