{"id":27957,"date":"2021-09-27T09:29:51","date_gmt":"2021-09-27T12:29:51","guid":{"rendered":"https:\/\/infovera.com.ar\/web\/?p=27957"},"modified":"2021-09-27T09:29:51","modified_gmt":"2021-09-27T12:29:51","slug":"encuentro-interinstitucional-entre-la-unidad-fiscal-de-genero-y-organizaciones-no-gubernamentales","status":"publish","type":"post","link":"https:\/\/infovera.com.ar\/web\/2021\/09\/27\/encuentro-interinstitucional-entre-la-unidad-fiscal-de-genero-y-organizaciones-no-gubernamentales\/","title":{"rendered":"Encuentro interinstitucional entre la Unidad Fiscal de G\u00e9nero y organizaciones no gubernamentales"},"content":{"rendered":"<p><strong>Se realiz\u00f3 en el sal\u00f3n de la Casa del Bicentenario, de Reconquista, el primer encuentro convocado a pedido de diversas organizaciones no gubernamentales con la Unidad Fiscal Especial de Violencia de G\u00e9nero, Sexual y Familiar de esta ciudad.<\/strong><\/p>\n<p>All\u00ed se encontraron a partir de las 20:30, organizaciones que trabajan en la<br \/>\ncontenci\u00f3n y acompa\u00f1amiento a la victima de delitos de violencia de g\u00e9nero y abuso<br \/>\nsexual con la intenci\u00f3n de construir nuevos caminos de articulaci\u00f3n y coordinaci\u00f3n,<br \/>\nentendiendo que el marco que poseemos en com\u00fan (el unto de contacto) son las<br \/>\npersonas sufrientes por dichos delitos, directa o indirectamente, pudiendo armar nuevas<br \/>\nredes de trabajo en conjunto.<\/p>\n<p>Estuvieron presente de la Unidad Fiscal, su jefe, Dr. Aldo Gerosa, la asistente social Andrea Reyes y la psic\u00f3loga Ana Popelka, de las organizaciones representantes del \u201cForum Infancia\u201d, Intersindical de Mujeres, Colectiva Savia, Alcemos la voz Infancia, Mesa intersindical de Mujeres, Grupo Lazos.<\/p>\n<p>Otras organizaciones que hab\u00edan manifestado intenci\u00f3n de participar no pudieron concurrir.<\/p>\n<p>Del resultado de este encuentro se constituy\u00f3 una periodicidad con creaci\u00f3n de<br \/>\nagenda de temas y as\u00ed la posibilidad de mejorar el servicio que brindan los antes<br \/>\nnombrados.<\/p>\n","protected":false},"excerpt":{"rendered":"<p>Se realiz\u00f3 en el sal\u00f3n de la Casa del Bicentenario, de Reconquista, el primer encuentro convocado a pedido de diversas organizaciones no gubernamentales con la Unidad Fiscal Especial de Violencia de G\u00e9nero, Sexual y Familiar de esta ciudad. All\u00ed se encontraron a partir de las 20:30, organizaciones que trabajan en la contenci\u00f3n y acompa\u00f1amiento a [&hellip;]<\/p>\n","protected":false},"author":3,"featured_media":27958,"comment_status":"closed","ping_status":"closed","sticky":false,"template":"","format":"standard","meta":{"_joinchat":[],"footnotes":""},"categories":[55],"tags":[],"class_list":{"0":"post-27957","1":"post","2":"type-post","3":"status-publish","4":"format-standard","5":"has-post-thumbnail","7":"category-reconquista"},"_links":{"self":[{"href":"https:\/\/infovera.com.ar\/web\/wp-json\/wp\/v2\/posts\/27957","targetHints":{"allow":["GET"]}}],"collection":[{"href":"https:\/\/infovera.com.ar\/web\/wp-json\/wp\/v2\/posts"}],"about":[{"href":"https:\/\/infovera.com.ar\/web\/wp-json\/wp\/v2\/types\/post"}],"author":[{"embeddable":true,"href":"https:\/\/infovera.com.ar\/web\/wp-json\/wp\/v2\/users\/3"}],"replies":[{"embeddable":true,"href":"https:\/\/infovera.com.ar\/web\/wp-json\/wp\/v2\/comments?post=27957"}],"version-history":[{"count":0,"href":"https:\/\/infovera.com.ar\/web\/wp-json\/wp\/v2\/posts\/27957\/revisions"}],"wp:featuredmedia":[{"embeddable":true,"href":"https:\/\/infovera.com.ar\/web\/wp-json\/wp\/v2\/media\/27958"}],"wp:attachment":[{"href":"https:\/\/infovera.com.ar\/web\/wp-json\/wp\/v2\/media?parent=27957"}],"wp:term":[{"taxonomy":"category","embeddable":true,"href":"https:\/\/infovera.com.ar\/web\/wp-json\/wp\/v2\/categories?post=27957"},{"taxonomy":"post_tag","embeddable":true,"href":"https:\/\/infovera.com.ar\/web\/wp-json\/wp\/v2\/tags?post=27957"}],"curies":[{"name":"wp","href":"https:\/\/api.w.org\/{rel}","templated":true}]}}