{"id":27953,"date":"2021-09-27T09:24:23","date_gmt":"2021-09-27T12:24:23","guid":{"rendered":"https:\/\/infovera.com.ar\/web\/?p=27953"},"modified":"2021-09-27T09:24:23","modified_gmt":"2021-09-27T12:24:23","slug":"esclarecen-un-robo-y-recuperan-una-moto-robada","status":"publish","type":"post","link":"https:\/\/infovera.com.ar\/web\/2021\/09\/27\/esclarecen-un-robo-y-recuperan-una-moto-robada\/","title":{"rendered":"Esclarecen un robo y recuperan una moto robada"},"content":{"rendered":"<p><strong>Procedimientos policiales en La Gallareta y en Vera.<\/strong><\/p>\n<p><strong>ESCLARECIMIENTO DE ROBO<\/strong><\/p>\n<p>En fecha 26\/09\/2021 personal policial de la Comisaria 5ta. de La Gallareta, luego de averiguaciones practicadas en relaci\u00f3n a denuncias radicadas ante esa sede policial en la que las que autor\/es ignorados sustrajeron desde un veh\u00edculo llaves y documentaci\u00f3n del mismo, como as\u00ed desde una vivienda\u00a0 diferentes objetos, estableci\u00f3 que no ser\u00eda ajeno al il\u00edcito un joven de 17 a\u00f1os de edad a quien, de requisa domiciliaria con la debida autorizaci\u00f3n de su morador,\u00a0 se le hall\u00f3 los elementos denunciados como sustra\u00eddos.<\/p>\n<p>Como ser ACCESORIOS DE PLAY STATION (01 VOLANTE, 01 PEDALERA y 03 JOYSTICK), NO RECUERDA CON PRECISION LA CANTIDAD DE JUEGOS CD y una BALLESTA DEPORTIVA.<\/p>\n<p>Se prosiguen diligencias. Interviene Juzgado de Menores de la ciudad de Reconquista.<\/p>\n<p><strong>VERA &#8211; MOTO RECUPERADA<\/strong><\/p>\n<p>En fecha 25\/09\/2021 una joven, mayor de edad, denunci\u00f3 que autor\/es ignorados le sustrajeron su moto marca Honda Biz.<\/p>\n<p>De patrullajes efectuados, personal de la Secci\u00f3n Comando Radioel\u00e9ctrico, siendo las 22:40 horas, procedi\u00f3 al secuestro de una motocicleta de similares caracter\u00edsticas a la denunciada por la v\u00edctima.<\/p>\n<p>La moto fue hallada en estado de abandono en zona descampada de esta ciudad, trasladada a sede policial en calidad de secuestro y posteriormente restituida a su propietaria.<\/p>\n<p><img loading=\"lazy\" decoding=\"async\" class=\" wp-image-22351 aligncenter\" src=\"https:\/\/infovera.com.ar\/web\/wp-content\/uploads\/2021\/06\/ACOSTA-3-300x54.jpg\" alt=\"\" width=\"739\" height=\"133\" srcset=\"https:\/\/infovera.com.ar\/web\/wp-content\/uploads\/2021\/06\/ACOSTA-3-300x54.jpg 300w, https:\/\/infovera.com.ar\/web\/wp-content\/uploads\/2021\/06\/ACOSTA-3.jpg 670w\" sizes=\"auto, (max-width: 739px) 100vw, 739px\" \/><\/p>\n","protected":false},"excerpt":{"rendered":"<p>Procedimientos policiales en La Gallareta y en Vera. ESCLARECIMIENTO DE ROBO En fecha 26\/09\/2021 personal policial de la Comisaria 5ta. de La Gallareta, luego de averiguaciones practicadas en relaci\u00f3n a denuncias radicadas ante esa sede policial en la que las que autor\/es ignorados sustrajeron desde un veh\u00edculo llaves y documentaci\u00f3n del mismo, como as\u00ed desde [&hellip;]<\/p>\n","protected":false},"author":3,"featured_media":27954,"comment_status":"closed","ping_status":"closed","sticky":false,"template":"","format":"standard","meta":{"_joinchat":[],"footnotes":""},"categories":[56,30],"tags":[],"class_list":{"0":"post-27953","1":"post","2":"type-post","3":"status-publish","4":"format-standard","5":"has-post-thumbnail","7":"category-destacados","8":"category-policiales"},"_links":{"self":[{"href":"https:\/\/infovera.com.ar\/web\/wp-json\/wp\/v2\/posts\/27953","targetHints":{"allow":["GET"]}}],"collection":[{"href":"https:\/\/infovera.com.ar\/web\/wp-json\/wp\/v2\/posts"}],"about":[{"href":"https:\/\/infovera.com.ar\/web\/wp-json\/wp\/v2\/types\/post"}],"author":[{"embeddable":true,"href":"https:\/\/infovera.com.ar\/web\/wp-json\/wp\/v2\/users\/3"}],"replies":[{"embeddable":true,"href":"https:\/\/infovera.com.ar\/web\/wp-json\/wp\/v2\/comments?post=27953"}],"version-history":[{"count":0,"href":"https:\/\/infovera.com.ar\/web\/wp-json\/wp\/v2\/posts\/27953\/revisions"}],"wp:featuredmedia":[{"embeddable":true,"href":"https:\/\/infovera.com.ar\/web\/wp-json\/wp\/v2\/media\/27954"}],"wp:attachment":[{"href":"https:\/\/infovera.com.ar\/web\/wp-json\/wp\/v2\/media?parent=27953"}],"wp:term":[{"taxonomy":"category","embeddable":true,"href":"https:\/\/infovera.com.ar\/web\/wp-json\/wp\/v2\/categories?post=27953"},{"taxonomy":"post_tag","embeddable":true,"href":"https:\/\/infovera.com.ar\/web\/wp-json\/wp\/v2\/tags?post=27953"}],"curies":[{"name":"wp","href":"https:\/\/api.w.org\/{rel}","templated":true}]}}