{"id":27942,"date":"2021-09-27T07:54:12","date_gmt":"2021-09-27T10:54:12","guid":{"rendered":"https:\/\/infovera.com.ar\/web\/?p=27942"},"modified":"2021-09-27T07:54:12","modified_gmt":"2021-09-27T10:54:12","slug":"agasajo-de-sosa-a-ciclistas-de-vera-videos","status":"publish","type":"post","link":"https:\/\/infovera.com.ar\/web\/2021\/09\/27\/agasajo-de-sosa-a-ciclistas-de-vera-videos\/","title":{"rendered":"Agasajo de Sosa a ciclistas de Vera (videos)"},"content":{"rendered":"<p><strong>El ciclismo de la ciudad de Vera viene realizando una tarea fundamental en la promoci\u00f3n y la pr\u00e1ctica del deporte, y en ese sentido<\/strong> &#8220;nosotros venimos apoyando la actividad en sus diferentes formas porque entendemos que hace a la salud de nuestra poblaci\u00f3n y a la integraci\u00f3n de nuestra sociedad&#8221;, declar\u00f3 el senador Osvaldo Sosa.<\/p>\n<p>&#8220;No quisimos quedar afuera de la Fiesta del ciclismo que se realiz\u00f3 en el vivero de Santa Felicia, organizado por la agrupaci\u00f3n Vera en Bici, destinados a todos los grupos que de una u otra manera practican la actividad deportiva. Felicitamos por la iniciativa y nos comprometemos a seguir colaborando para que este hermoso deporte, todos los d\u00edas crezca un poco m\u00e1s&#8221;, manifest\u00f3 el legislador.<\/p>\n<p><iframe loading=\"lazy\" title=\"Agasajo a ciclistas\" width=\"696\" height=\"392\" src=\"https:\/\/www.youtube.com\/embed\/uls2kR1nhBw?feature=oembed\" frameborder=\"0\" allow=\"accelerometer; autoplay; clipboard-write; encrypted-media; gyroscope; picture-in-picture; web-share\" referrerpolicy=\"strict-origin-when-cross-origin\" allowfullscreen><\/iframe><\/p>\n<p><iframe loading=\"lazy\" title=\"Ciclismo en Vera\" width=\"696\" height=\"392\" src=\"https:\/\/www.youtube.com\/embed\/9tL0ApHex_U?feature=oembed\" frameborder=\"0\" allow=\"accelerometer; autoplay; clipboard-write; encrypted-media; gyroscope; picture-in-picture; web-share\" referrerpolicy=\"strict-origin-when-cross-origin\" allowfullscreen><\/iframe><\/p>\n<p><iframe loading=\"lazy\" title=\"Ciclismo\" width=\"696\" height=\"392\" src=\"https:\/\/www.youtube.com\/embed\/dTI7wn6ZxRg?feature=oembed\" frameborder=\"0\" allow=\"accelerometer; autoplay; clipboard-write; encrypted-media; gyroscope; picture-in-picture; web-share\" referrerpolicy=\"strict-origin-when-cross-origin\" allowfullscreen><\/iframe><\/p>\n","protected":false},"excerpt":{"rendered":"<p>El ciclismo de la ciudad de Vera viene realizando una tarea fundamental en la promoci\u00f3n y la pr\u00e1ctica del deporte, y en ese sentido &#8220;nosotros venimos apoyando la actividad en sus diferentes formas porque entendemos que hace a la salud de nuestra poblaci\u00f3n y a la integraci\u00f3n de nuestra sociedad&#8221;, declar\u00f3 el senador Osvaldo Sosa. [&hellip;]<\/p>\n","protected":false},"author":3,"featured_media":27943,"comment_status":"closed","ping_status":"closed","sticky":false,"template":"","format":"standard","meta":{"_joinchat":[],"footnotes":""},"categories":[31,56],"tags":[],"class_list":{"0":"post-27942","1":"post","2":"type-post","3":"status-publish","4":"format-standard","5":"has-post-thumbnail","7":"category-deportes","8":"category-destacados"},"_links":{"self":[{"href":"https:\/\/infovera.com.ar\/web\/wp-json\/wp\/v2\/posts\/27942","targetHints":{"allow":["GET"]}}],"collection":[{"href":"https:\/\/infovera.com.ar\/web\/wp-json\/wp\/v2\/posts"}],"about":[{"href":"https:\/\/infovera.com.ar\/web\/wp-json\/wp\/v2\/types\/post"}],"author":[{"embeddable":true,"href":"https:\/\/infovera.com.ar\/web\/wp-json\/wp\/v2\/users\/3"}],"replies":[{"embeddable":true,"href":"https:\/\/infovera.com.ar\/web\/wp-json\/wp\/v2\/comments?post=27942"}],"version-history":[{"count":0,"href":"https:\/\/infovera.com.ar\/web\/wp-json\/wp\/v2\/posts\/27942\/revisions"}],"wp:featuredmedia":[{"embeddable":true,"href":"https:\/\/infovera.com.ar\/web\/wp-json\/wp\/v2\/media\/27943"}],"wp:attachment":[{"href":"https:\/\/infovera.com.ar\/web\/wp-json\/wp\/v2\/media?parent=27942"}],"wp:term":[{"taxonomy":"category","embeddable":true,"href":"https:\/\/infovera.com.ar\/web\/wp-json\/wp\/v2\/categories?post=27942"},{"taxonomy":"post_tag","embeddable":true,"href":"https:\/\/infovera.com.ar\/web\/wp-json\/wp\/v2\/tags?post=27942"}],"curies":[{"name":"wp","href":"https:\/\/api.w.org\/{rel}","templated":true}]}}