{"id":27929,"date":"2021-09-26T02:10:05","date_gmt":"2021-09-26T05:10:05","guid":{"rendered":"https:\/\/infovera.com.ar\/web\/?p=27929"},"modified":"2021-09-27T08:54:13","modified_gmt":"2021-09-27T11:54:13","slug":"resultados-de-la-fecha-inicial-del-torneo-oficial-femenino-de-primera-division","status":"publish","type":"post","link":"https:\/\/infovera.com.ar\/web\/2021\/09\/26\/resultados-de-la-fecha-inicial-del-torneo-oficial-femenino-de-primera-division\/","title":{"rendered":"Resultados de la fecha inicial del Torneo Oficial Femenino de Primera Divisi\u00f3n"},"content":{"rendered":"<p><strong>En el d\u00eda de la fecha arranc\u00f3 el torneo Oficial del Futbol Femenino, a\u00f1o 2021, en las instalaciones del Club Vecinal Carlos Gardel con un gran numero de espectadores.<\/strong><\/p>\n<p>La jornada estuvo cargada de entusiamo y ansiedad por la vuelta a la actividad.<\/p>\n<p>Fue una verdadera fiesta en el que el clima no quiso estar ausente.<\/p>\n<p>Felicitaciones a todos y esto es el comienzo de la alegr\u00eda que se vivir\u00e1 jornada tras jornada.<\/p>\n<p>La pr\u00f3xima fecha ser\u00e1 el s\u00e1bado de 2 de octubre en el Club Estudiantes Unidos.<\/p>\n<p>RESULTADOS DE LA 1 FECHA DEL FUTBOL FEMENINO<\/p>\n<p>PRIMERA FECHA<\/p>\n<p>GIMNASIA F.C.: 1\u00a0\u00a0\u00a0\u00a0\u00a0\u00a0\u00a0vs\u00a0 \u00a0\u00a0 \u00a0\u00a0\u00a0CALCHAQUI F.C.: 0<\/p>\n<p>CS SARMIENTO: 1\u00a0 \u00a0\u00a0\u00a0\u00a0VS.\u00a0\u00a0\u00a0\u00a0\u00a0ESTUDIANTES UNIDOS: 0<\/p>\n<p>HURACAN FBC: 1\u00a0 \u00a0 \u00a0\u00a0VS.\u00a0\u00a0\u00a0\u00a0\u00a0VEC. CARLOS GARDEL: 0<\/p>\n<p>LIBRE CENTRAL COLONIA<\/p>\n<p>TABLA DE POSICIONES DE LA 1 FECHA<\/p>\n<p>GIMNASIA F.C.\u00a0 \u00a0 \u00a0 \u00a0 \u00a0 \u00a0 \u00a0 \u00a0 \u00a0 \u00a0 \u00a0 \u00a0 \u00a0 \u00a0 \u00a0 \u00a0 \u00a0 3 puntos<\/p>\n<p>C.S.SARMIENTO\u00a0 \u00a0 \u00a0 \u00a0 \u00a0 \u00a0 \u00a0 \u00a0 \u00a0 \u00a0 \u00a0 \u00a0 \u00a0 \u00a0 \u00a0 \u00a03\u00a0 \u00a0 &#8221;<\/p>\n<p>HURACAN F.B.C.\u00a0 \u00a0 \u00a0 \u00a0 \u00a0 \u00a0 \u00a0 \u00a0 \u00a0 \u00a0 \u00a0 \u00a0 \u00a0 \u00a0 \u00a0 \u00a03\u00a0 \u00a0 &#8221;<\/p>\n<p>VEC. CARLOS GARDEL\u00a0 \u00a0 \u00a0 \u00a0 \u00a0 \u00a0 \u00a0 \u00a0 \u00a0 \u00a0 \u00a0 0\u00a0 \u00a0 &#8221;<\/p>\n<p>CALCHAQUI F.C.\u00a0 \u00a0 \u00a0 \u00a0 \u00a0 \u00a0 \u00a0 \u00a0 \u00a0 \u00a0 \u00a0 \u00a0 \u00a0 \u00a0 \u00a0 \u00a0 0\u00a0 \u00a0 &#8221;<\/p>\n<p>ESTUDIANTES UNIDOS\u00a0 \u00a0 \u00a0 \u00a0 \u00a0 \u00a0 \u00a0 \u00a0 \u00a0 \u00a0 \u00a00\u00a0 \u00a0 &#8221;<\/p>\n<p>CENTRAL COLONIA\u00a0 \u00a0 \u00a0 \u00a0 \u00a0 \u00a0 \u00a0 \u00a0 \u00a0 \u00a0 \u00a0 \u00a0 \u00a0 \u00a0 0\u00a0 \u00a0 &#8220;<\/p>\n","protected":false},"excerpt":{"rendered":"<p>En el d\u00eda de la fecha arranc\u00f3 el torneo Oficial del Futbol Femenino, a\u00f1o 2021, en las instalaciones del Club Vecinal Carlos Gardel con un gran numero de espectadores. La jornada estuvo cargada de entusiamo y ansiedad por la vuelta a la actividad. Fue una verdadera fiesta en el que el clima no quiso estar [&hellip;]<\/p>\n","protected":false},"author":3,"featured_media":27930,"comment_status":"closed","ping_status":"closed","sticky":false,"template":"","format":"standard","meta":{"_joinchat":[],"footnotes":""},"categories":[31,35],"tags":[],"class_list":{"0":"post-27929","1":"post","2":"type-post","3":"status-publish","4":"format-standard","5":"has-post-thumbnail","7":"category-deportes","8":"category-futbol"},"_links":{"self":[{"href":"https:\/\/infovera.com.ar\/web\/wp-json\/wp\/v2\/posts\/27929","targetHints":{"allow":["GET"]}}],"collection":[{"href":"https:\/\/infovera.com.ar\/web\/wp-json\/wp\/v2\/posts"}],"about":[{"href":"https:\/\/infovera.com.ar\/web\/wp-json\/wp\/v2\/types\/post"}],"author":[{"embeddable":true,"href":"https:\/\/infovera.com.ar\/web\/wp-json\/wp\/v2\/users\/3"}],"replies":[{"embeddable":true,"href":"https:\/\/infovera.com.ar\/web\/wp-json\/wp\/v2\/comments?post=27929"}],"version-history":[{"count":0,"href":"https:\/\/infovera.com.ar\/web\/wp-json\/wp\/v2\/posts\/27929\/revisions"}],"wp:featuredmedia":[{"embeddable":true,"href":"https:\/\/infovera.com.ar\/web\/wp-json\/wp\/v2\/media\/27930"}],"wp:attachment":[{"href":"https:\/\/infovera.com.ar\/web\/wp-json\/wp\/v2\/media?parent=27929"}],"wp:term":[{"taxonomy":"category","embeddable":true,"href":"https:\/\/infovera.com.ar\/web\/wp-json\/wp\/v2\/categories?post=27929"},{"taxonomy":"post_tag","embeddable":true,"href":"https:\/\/infovera.com.ar\/web\/wp-json\/wp\/v2\/tags?post=27929"}],"curies":[{"name":"wp","href":"https:\/\/api.w.org\/{rel}","templated":true}]}}