{"id":27917,"date":"2021-09-24T20:09:23","date_gmt":"2021-09-24T23:09:23","guid":{"rendered":"https:\/\/infovera.com.ar\/web\/?p=27917"},"modified":"2021-09-24T20:09:23","modified_gmt":"2021-09-24T23:09:23","slug":"villa-ocampo-la-aic-allano-dos-domicilios-y-detuvo-a-dos-personas-por-narcomenudeo","status":"publish","type":"post","link":"https:\/\/infovera.com.ar\/web\/2021\/09\/24\/villa-ocampo-la-aic-allano-dos-domicilios-y-detuvo-a-dos-personas-por-narcomenudeo\/","title":{"rendered":"Villa Ocampo: la AIC allan\u00f3 dos domicilios y detuvo a dos personas por narcomenudeo"},"content":{"rendered":"<p><strong>La Agencia de Investigaci\u00f3n Criminal dependiente del Ministerio de Seguridad provincial, allan\u00f3 dos domicilios en la localidad de Villa Ocampo y detuvo a dos personas vinculadas al delito de Narcomenudeo.<\/strong><\/p>\n<p>Los procedimientos llevados a cabo por los Agentes de la AIC y el GOT de la Polic\u00eda de Santa Fe, se enmarcan dentro de la investigaci\u00f3n dependiente del Juzgado Federal de Reconquista, del Dr. Aldo M. Alurralde, y de la Fiscal\u00eda Federal a cargo del Dr. Roberto Salum, en la que desplegaron un importante desempe\u00f1o en la faz investigativa y de inteligencia criminal, con el soporte filmaciones, monitoreo, cotejo de datos e intervenciones telef\u00f3nicas.<\/p>\n<p>Secuestros: son elementos que interesan a la causa judicial y se detallan en ocho tel\u00e9fonos celulares, dos chip tel, una tarjeta de memoria, m\u00e1s de 30 mil pesos en efectivo; asimismo se suman cinco envoltorios de coca\u00edna y catorce envoltorios marihuana con un peso aprox. de 4 gr.<\/p>\n<p>Los allanamientos se realizaron en calle Alfonsina Storni al 700 y en Barrio 8 de Octubre, de Villa Ocampo.<\/p>\n<p><img loading=\"lazy\" decoding=\"async\" class=\" wp-image-22351 aligncenter\" src=\"https:\/\/infovera.com.ar\/web\/wp-content\/uploads\/2021\/06\/ACOSTA-3-300x54.jpg\" alt=\"\" width=\"728\" height=\"131\" srcset=\"https:\/\/infovera.com.ar\/web\/wp-content\/uploads\/2021\/06\/ACOSTA-3-300x54.jpg 300w, https:\/\/infovera.com.ar\/web\/wp-content\/uploads\/2021\/06\/ACOSTA-3.jpg 670w\" sizes=\"auto, (max-width: 728px) 100vw, 728px\" \/><\/p>\n","protected":false},"excerpt":{"rendered":"<p>La Agencia de Investigaci\u00f3n Criminal dependiente del Ministerio de Seguridad provincial, allan\u00f3 dos domicilios en la localidad de Villa Ocampo y detuvo a dos personas vinculadas al delito de Narcomenudeo. Los procedimientos llevados a cabo por los Agentes de la AIC y el GOT de la Polic\u00eda de Santa Fe, se enmarcan dentro de la [&hellip;]<\/p>\n","protected":false},"author":3,"featured_media":27918,"comment_status":"closed","ping_status":"closed","sticky":false,"template":"","format":"standard","meta":{"_joinchat":[],"footnotes":""},"categories":[30,55],"tags":[],"class_list":{"0":"post-27917","1":"post","2":"type-post","3":"status-publish","4":"format-standard","5":"has-post-thumbnail","7":"category-policiales","8":"category-reconquista"},"_links":{"self":[{"href":"https:\/\/infovera.com.ar\/web\/wp-json\/wp\/v2\/posts\/27917","targetHints":{"allow":["GET"]}}],"collection":[{"href":"https:\/\/infovera.com.ar\/web\/wp-json\/wp\/v2\/posts"}],"about":[{"href":"https:\/\/infovera.com.ar\/web\/wp-json\/wp\/v2\/types\/post"}],"author":[{"embeddable":true,"href":"https:\/\/infovera.com.ar\/web\/wp-json\/wp\/v2\/users\/3"}],"replies":[{"embeddable":true,"href":"https:\/\/infovera.com.ar\/web\/wp-json\/wp\/v2\/comments?post=27917"}],"version-history":[{"count":0,"href":"https:\/\/infovera.com.ar\/web\/wp-json\/wp\/v2\/posts\/27917\/revisions"}],"wp:featuredmedia":[{"embeddable":true,"href":"https:\/\/infovera.com.ar\/web\/wp-json\/wp\/v2\/media\/27918"}],"wp:attachment":[{"href":"https:\/\/infovera.com.ar\/web\/wp-json\/wp\/v2\/media?parent=27917"}],"wp:term":[{"taxonomy":"category","embeddable":true,"href":"https:\/\/infovera.com.ar\/web\/wp-json\/wp\/v2\/categories?post=27917"},{"taxonomy":"post_tag","embeddable":true,"href":"https:\/\/infovera.com.ar\/web\/wp-json\/wp\/v2\/tags?post=27917"}],"curies":[{"name":"wp","href":"https:\/\/api.w.org\/{rel}","templated":true}]}}