{"id":27906,"date":"2021-09-24T10:32:10","date_gmt":"2021-09-24T13:32:10","guid":{"rendered":"https:\/\/infovera.com.ar\/web\/?p=27906"},"modified":"2021-09-27T08:55:19","modified_gmt":"2021-09-27T11:55:19","slug":"marinelli-no-fue-imputado-por-abuso-sexual","status":"publish","type":"post","link":"https:\/\/infovera.com.ar\/web\/2021\/09\/24\/marinelli-no-fue-imputado-por-abuso-sexual\/","title":{"rendered":"Marinelli no fue imputado por abuso sexual y la familia apunt\u00f3 que &#8220;a eso lo invent\u00f3 el denunciante&#8221;"},"content":{"rendered":"<p><strong>En la audiencia imputativa realizada ayer, &#8220;Cato&#8221; Marinelli, que hab\u00eda sido detenido por la denuncia de un abogado verense, no fue imputado por abuso sexual.<\/strong><\/p>\n<p>La aclaraci\u00f3n vale luego de que el denunciante informara que uno de los delitos por los que lo hab\u00eda apuntado era de ese tenor, <strong>cuando en realidad en la audiencia &#8220;ni siquiera se mencion\u00f3&#8221; tal supuesta conducta,<\/strong> de acuerdo a familiares de Marinelli que se comunicaron con este medio para aclarar la cuesti\u00f3n.<\/p>\n<p>Un allegado a Marinelli dijo esta ma\u00f1ana a <strong>InfoVera<\/strong> que s\u00ed fue imputado por amenazas, puesto que lleg\u00f3 hasta el estudio jur\u00eddico de quien lo denunciara para reclamar por una supuesta deuda de un juicio.<\/p>\n<p>&#8220;Eso s\u00ed es as\u00ed, y tiene raz\u00f3n el fiscal para imputarlo porque hay otras formas legales de reclamar; pero lo del abuso lo invent\u00f3 el abogado, porque no hubo nada de eso&#8221;, asegur\u00f3 este familiar de &#8220;Cato&#8221;.<\/p>\n<p>&#8220;Ahora mi padre se fue al campo, pero cuando vuelva el lunes voy a tener la copia de la audiencia para publicarla y quede todo claro de c\u00f3mo fueron las cosas&#8221;, dijo el hijo.<\/p>\n<p>Asimismo, refiri\u00f3 que se les dict\u00f3 &#8220;restricciones perimetrales&#8221; a ambos, por igual, para que &#8220;no puedan acercarse entre s\u00ed&#8221; hasta tanto se dilucide el proceso judicial iniciado.<\/p>\n<p>&#8220;El lunes ya va a tener abogado defensor, que se va a encargar de llevar adelante la causa para que mi padre pueda cobrar lo que es suyo&#8221;, agreg\u00f3.<\/p>\n<p>&nbsp;<\/p>\n","protected":false},"excerpt":{"rendered":"<p>En la audiencia imputativa realizada ayer, &#8220;Cato&#8221; Marinelli, que hab\u00eda sido detenido por la denuncia de un abogado verense, no fue imputado por abuso sexual. La aclaraci\u00f3n vale luego de que el denunciante informara que uno de los delitos por los que lo hab\u00eda apuntado era de ese tenor, cuando en realidad en la audiencia [&hellip;]<\/p>\n","protected":false},"author":3,"featured_media":0,"comment_status":"closed","ping_status":"closed","sticky":false,"template":"","format":"standard","meta":{"_joinchat":[],"footnotes":""},"categories":[53],"tags":[],"class_list":{"0":"post-27906","1":"post","2":"type-post","3":"status-publish","4":"format-standard","6":"category-vera"},"_links":{"self":[{"href":"https:\/\/infovera.com.ar\/web\/wp-json\/wp\/v2\/posts\/27906","targetHints":{"allow":["GET"]}}],"collection":[{"href":"https:\/\/infovera.com.ar\/web\/wp-json\/wp\/v2\/posts"}],"about":[{"href":"https:\/\/infovera.com.ar\/web\/wp-json\/wp\/v2\/types\/post"}],"author":[{"embeddable":true,"href":"https:\/\/infovera.com.ar\/web\/wp-json\/wp\/v2\/users\/3"}],"replies":[{"embeddable":true,"href":"https:\/\/infovera.com.ar\/web\/wp-json\/wp\/v2\/comments?post=27906"}],"version-history":[{"count":0,"href":"https:\/\/infovera.com.ar\/web\/wp-json\/wp\/v2\/posts\/27906\/revisions"}],"wp:attachment":[{"href":"https:\/\/infovera.com.ar\/web\/wp-json\/wp\/v2\/media?parent=27906"}],"wp:term":[{"taxonomy":"category","embeddable":true,"href":"https:\/\/infovera.com.ar\/web\/wp-json\/wp\/v2\/categories?post=27906"},{"taxonomy":"post_tag","embeddable":true,"href":"https:\/\/infovera.com.ar\/web\/wp-json\/wp\/v2\/tags?post=27906"}],"curies":[{"name":"wp","href":"https:\/\/api.w.org\/{rel}","templated":true}]}}