{"id":27897,"date":"2021-09-24T12:29:07","date_gmt":"2021-09-24T15:29:07","guid":{"rendered":"https:\/\/infovera.com.ar\/web\/?p=27897"},"modified":"2021-09-24T12:29:07","modified_gmt":"2021-09-24T15:29:07","slug":"la-banda-sinfonica-policial-celebro-el-dia-del-lenguaje-de-senas","status":"publish","type":"post","link":"https:\/\/infovera.com.ar\/web\/2021\/09\/24\/la-banda-sinfonica-policial-celebro-el-dia-del-lenguaje-de-senas\/","title":{"rendered":"La Banda Sinf\u00f3nica Policial celebr\u00f3 el D\u00eda del Lenguaje de Se\u00f1as"},"content":{"rendered":"<p><strong>En la tarde de ayer, la Banda Sinf\u00f3nica Policial &#8211; Organismos Santa Fe y Rosario, a cargo de los maestros subinspector Juli\u00e1n De Brah\u00ed y subcomisario Germ\u00e1n Iacobellis, respectivamente, que entonaron en ambas\u00a0 ciudades de manera simult\u00e1nea, las estrofas del Himno Nacional Argentino en el marco del D\u00eda Internacional del Lenguaje de Se\u00f1as.<\/strong><\/p>\n<p>Dichas presentaciones, fueron llevadas a cabo en la Plaza 25 de Mayo de la ciudad capital, como as\u00ed tambi\u00e9n en la explanada del Monumento Nacional a la Bandera, de la urbe rosarina.<\/p>\n<p>Cabe destacar que junto a los integrantes de la Banda Sinf\u00f3nica, participaron las cantantes Noem\u00ed Amanda Voulet y Daniela Ratti, como as\u00ed tambi\u00e9n las int\u00e9rpretes en se\u00f1as Subcomisario Marcela Far\u00edas y Rosana Medina, en Santa Fe y Rosario, respectivamente.<\/p>\n<p>Estos eventos, forman parte de la agenda de las actividades que se encuentra realizando el Departamento Relaciones Policiales para acercar a la comunidad, instituciones y organismos con la Polic\u00eda de Santa Fe.<\/p>\n","protected":false},"excerpt":{"rendered":"<p>En la tarde de ayer, la Banda Sinf\u00f3nica Policial &#8211; Organismos Santa Fe y Rosario, a cargo de los maestros subinspector Juli\u00e1n De Brah\u00ed y subcomisario Germ\u00e1n Iacobellis, respectivamente, que entonaron en ambas\u00a0 ciudades de manera simult\u00e1nea, las estrofas del Himno Nacional Argentino en el marco del D\u00eda Internacional del Lenguaje de Se\u00f1as. Dichas presentaciones, [&hellip;]<\/p>\n","protected":false},"author":3,"featured_media":27898,"comment_status":"closed","ping_status":"closed","sticky":false,"template":"","format":"standard","meta":{"_joinchat":[],"footnotes":""},"categories":[60],"tags":[],"class_list":{"0":"post-27897","1":"post","2":"type-post","3":"status-publish","4":"format-standard","5":"has-post-thumbnail","7":"category-provinciales"},"_links":{"self":[{"href":"https:\/\/infovera.com.ar\/web\/wp-json\/wp\/v2\/posts\/27897","targetHints":{"allow":["GET"]}}],"collection":[{"href":"https:\/\/infovera.com.ar\/web\/wp-json\/wp\/v2\/posts"}],"about":[{"href":"https:\/\/infovera.com.ar\/web\/wp-json\/wp\/v2\/types\/post"}],"author":[{"embeddable":true,"href":"https:\/\/infovera.com.ar\/web\/wp-json\/wp\/v2\/users\/3"}],"replies":[{"embeddable":true,"href":"https:\/\/infovera.com.ar\/web\/wp-json\/wp\/v2\/comments?post=27897"}],"version-history":[{"count":0,"href":"https:\/\/infovera.com.ar\/web\/wp-json\/wp\/v2\/posts\/27897\/revisions"}],"wp:featuredmedia":[{"embeddable":true,"href":"https:\/\/infovera.com.ar\/web\/wp-json\/wp\/v2\/media\/27898"}],"wp:attachment":[{"href":"https:\/\/infovera.com.ar\/web\/wp-json\/wp\/v2\/media?parent=27897"}],"wp:term":[{"taxonomy":"category","embeddable":true,"href":"https:\/\/infovera.com.ar\/web\/wp-json\/wp\/v2\/categories?post=27897"},{"taxonomy":"post_tag","embeddable":true,"href":"https:\/\/infovera.com.ar\/web\/wp-json\/wp\/v2\/tags?post=27897"}],"curies":[{"name":"wp","href":"https:\/\/api.w.org\/{rel}","templated":true}]}}