{"id":27891,"date":"2021-09-24T12:03:42","date_gmt":"2021-09-24T15:03:42","guid":{"rendered":"https:\/\/infovera.com.ar\/web\/?p=27891"},"modified":"2021-09-27T08:54:44","modified_gmt":"2021-09-27T11:54:44","slug":"tres-policias-de-la-gallareta-fueron-condecorados-con-la-medalla-al-valor","status":"publish","type":"post","link":"https:\/\/infovera.com.ar\/web\/2021\/09\/24\/tres-policias-de-la-gallareta-fueron-condecorados-con-la-medalla-al-valor\/","title":{"rendered":"Tres polic\u00edas de La Gallareta fueron condecorados con la Medalla al Valor"},"content":{"rendered":"<p><strong>Esta ma\u00f1ana se realiz\u00f3 una ceremonia en el Sal\u00f3n de Reuniones del edificio de la Jefatura UR XIX, Vera, en la que se entregaron distinciones al personal policial, en conmemoraci\u00f3n del 157\u00b0 Aniversario de la Polic\u00eda y que fueran designados por la Jefatura Provincia, mediante junta de Premios y Distinciones. <\/strong><\/p>\n<p>Fue presidida por el jefe Daniel Gustavo Borovachi, acompa\u00f1ado por el subjefe Dr. Diego Costanzo, miembros de la plana mayor y especial de la Jefatura.<\/p>\n<p>Las Medallas al Valor fueron entregadas al numerarios de la Comisar\u00eda 5ta de La Gallareta, quienes el pasado 8 de noviembre del 2020, en un acto de valor ingresaron a una vivienda que se incendiaba y salvaron un hombre de 40 a\u00f1os que se hallaba en el<br \/>\ninterior de la casa.<\/p>\n<p>Los oficiales que recibieron la MEDALLA AL VALOR son:INSPECTOR (GS) DARIO SOMBO; SUB INSPECTOR (GS) HECTOR FABIAN GARCIA Y SUB OFICIAL DE POLICIA JORGE ARIEL PEREZ.<\/p>\n","protected":false},"excerpt":{"rendered":"<p>Esta ma\u00f1ana se realiz\u00f3 una ceremonia en el Sal\u00f3n de Reuniones del edificio de la Jefatura UR XIX, Vera, en la que se entregaron distinciones al personal policial, en conmemoraci\u00f3n del 157\u00b0 Aniversario de la Polic\u00eda y que fueran designados por la Jefatura Provincia, mediante junta de Premios y Distinciones. Fue presidida por el jefe [&hellip;]<\/p>\n","protected":false},"author":3,"featured_media":27892,"comment_status":"closed","ping_status":"closed","sticky":false,"template":"","format":"standard","meta":{"_joinchat":[],"footnotes":""},"categories":[53],"tags":[],"class_list":{"0":"post-27891","1":"post","2":"type-post","3":"status-publish","4":"format-standard","5":"has-post-thumbnail","7":"category-vera"},"_links":{"self":[{"href":"https:\/\/infovera.com.ar\/web\/wp-json\/wp\/v2\/posts\/27891","targetHints":{"allow":["GET"]}}],"collection":[{"href":"https:\/\/infovera.com.ar\/web\/wp-json\/wp\/v2\/posts"}],"about":[{"href":"https:\/\/infovera.com.ar\/web\/wp-json\/wp\/v2\/types\/post"}],"author":[{"embeddable":true,"href":"https:\/\/infovera.com.ar\/web\/wp-json\/wp\/v2\/users\/3"}],"replies":[{"embeddable":true,"href":"https:\/\/infovera.com.ar\/web\/wp-json\/wp\/v2\/comments?post=27891"}],"version-history":[{"count":0,"href":"https:\/\/infovera.com.ar\/web\/wp-json\/wp\/v2\/posts\/27891\/revisions"}],"wp:featuredmedia":[{"embeddable":true,"href":"https:\/\/infovera.com.ar\/web\/wp-json\/wp\/v2\/media\/27892"}],"wp:attachment":[{"href":"https:\/\/infovera.com.ar\/web\/wp-json\/wp\/v2\/media?parent=27891"}],"wp:term":[{"taxonomy":"category","embeddable":true,"href":"https:\/\/infovera.com.ar\/web\/wp-json\/wp\/v2\/categories?post=27891"},{"taxonomy":"post_tag","embeddable":true,"href":"https:\/\/infovera.com.ar\/web\/wp-json\/wp\/v2\/tags?post=27891"}],"curies":[{"name":"wp","href":"https:\/\/api.w.org\/{rel}","templated":true}]}}