{"id":27880,"date":"2021-09-23T18:49:25","date_gmt":"2021-09-23T21:49:25","guid":{"rendered":"https:\/\/infovera.com.ar\/web\/?p=27880"},"modified":"2021-09-23T18:49:25","modified_gmt":"2021-09-23T21:49:25","slug":"el-peronismo-quedo-a-un-paso-de-perder-tartagal","status":"publish","type":"post","link":"https:\/\/infovera.com.ar\/web\/2021\/09\/23\/el-peronismo-quedo-a-un-paso-de-perder-tartagal\/","title":{"rendered":"El peronismo qued\u00f3 a un paso de perder Tartagal"},"content":{"rendered":"<p><strong>Los resultados del escrutinio definitivo confirmaron la mala elecci\u00f3n del Frente de Todos en Tartagal, con lo cual el peronismo podr\u00eda perder el manejo de la comuna.<\/strong><\/p>\n<p>Hacemos Santa Fe, que llev\u00f3 como precandidato al actual presidente comunal Ram\u00f3n Ledesma, se hizo con 464 votos, mientras que Tartagal Somos Todos solo lleg\u00f3 a los 35 votos. La suma de la interna peronista totaliz\u00f3 entonces 499 votos.<\/p>\n<p>A su vez, la Lista Evoluci\u00f3n de Juntos por el Cambio logr\u00f3 153. Pero la novedad de las Paso fueron los 670 sufragios conseguidos por Juntos Podemos, que iba en el Frente Juntos por Tartagal, y que se convirti\u00f3 en la lista m\u00e1s votada.<\/p>\n<p>De mantener ese caudal electoral, la lista opositora que lidera Nelson Elham se impondr\u00eda en la general de noviembre y acceder\u00eda a gobernar la localidad.<\/p>\n","protected":false},"excerpt":{"rendered":"<p>Los resultados del escrutinio definitivo confirmaron la mala elecci\u00f3n del Frente de Todos en Tartagal, con lo cual el peronismo podr\u00eda perder el manejo de la comuna. Hacemos Santa Fe, que llev\u00f3 como precandidato al actual presidente comunal Ram\u00f3n Ledesma, se hizo con 464 votos, mientras que Tartagal Somos Todos solo lleg\u00f3 a los 35 [&hellip;]<\/p>\n","protected":false},"author":3,"featured_media":27881,"comment_status":"closed","ping_status":"closed","sticky":false,"template":"","format":"standard","meta":{"_joinchat":[],"footnotes":""},"categories":[66],"tags":[],"class_list":{"0":"post-27880","1":"post","2":"type-post","3":"status-publish","4":"format-standard","5":"has-post-thumbnail","7":"category-politica"},"_links":{"self":[{"href":"https:\/\/infovera.com.ar\/web\/wp-json\/wp\/v2\/posts\/27880","targetHints":{"allow":["GET"]}}],"collection":[{"href":"https:\/\/infovera.com.ar\/web\/wp-json\/wp\/v2\/posts"}],"about":[{"href":"https:\/\/infovera.com.ar\/web\/wp-json\/wp\/v2\/types\/post"}],"author":[{"embeddable":true,"href":"https:\/\/infovera.com.ar\/web\/wp-json\/wp\/v2\/users\/3"}],"replies":[{"embeddable":true,"href":"https:\/\/infovera.com.ar\/web\/wp-json\/wp\/v2\/comments?post=27880"}],"version-history":[{"count":0,"href":"https:\/\/infovera.com.ar\/web\/wp-json\/wp\/v2\/posts\/27880\/revisions"}],"wp:featuredmedia":[{"embeddable":true,"href":"https:\/\/infovera.com.ar\/web\/wp-json\/wp\/v2\/media\/27881"}],"wp:attachment":[{"href":"https:\/\/infovera.com.ar\/web\/wp-json\/wp\/v2\/media?parent=27880"}],"wp:term":[{"taxonomy":"category","embeddable":true,"href":"https:\/\/infovera.com.ar\/web\/wp-json\/wp\/v2\/categories?post=27880"},{"taxonomy":"post_tag","embeddable":true,"href":"https:\/\/infovera.com.ar\/web\/wp-json\/wp\/v2\/tags?post=27880"}],"curies":[{"name":"wp","href":"https:\/\/api.w.org\/{rel}","templated":true}]}}