{"id":27869,"date":"2021-09-23T13:43:18","date_gmt":"2021-09-23T16:43:18","guid":{"rendered":"https:\/\/infovera.com.ar\/web\/?p=27869"},"modified":"2021-09-27T08:55:52","modified_gmt":"2021-09-27T11:55:52","slug":"abrieron-la-convocatoria-para-el-ingreso-de-bomberos-zapadores-para-vera-y-otros-departamentos","status":"publish","type":"post","link":"https:\/\/infovera.com.ar\/web\/2021\/09\/23\/abrieron-la-convocatoria-para-el-ingreso-de-bomberos-zapadores-para-vera-y-otros-departamentos\/","title":{"rendered":"Abrieron la convocatoria para el ingreso de bomberos zapadores para Vera y otros departamentos"},"content":{"rendered":"<p><strong>La inscripci\u00f3n ser\u00e1 hasta el 6 de octubre. Ingresar\u00e1n 100 bomberos para los departamentos La Capital, Rosario, Castellanos, San Lorenzo y Vera. Es requisito principal que los postulantes tengan entre 18 y 31 a\u00f1os y que residan en los departamentos La Capital, Rosario, Castellanos, San Lorenzo y Vera.<\/strong><\/p>\n<p>El gobierno de la provincia, a trav\u00e9s del Ministerio de Seguridad, lanz\u00f3 una convocatoria para el ingreso de 100 nuevos suboficiales que formar\u00e1n parte de la Direcci\u00f3n General de Bomberos Zapadores, de la Polic\u00eda de Santa Fe. Es requisito principal que los postulantes tengan entre 18 y 31 a\u00f1os y que residan en los departamentos La Capital, Rosario, Castellanos, San Lorenzo y Vera.<\/p>\n<p>Al respecto, el ministro de Seguridad, Jorge Lagna, remarc\u00f3 que \u201cdesde el a\u00f1o 2015 que no ingresa un solo bombero a la provincia de Santa Fe, esto hizo que el 40% del plantel de Bomberos Zapadores desapareciera por antig\u00fcedad o retiros del personal. Ayer, firme la resoluci\u00f3n para el concurso de ingreso de 100 nuevos bomberos para suplir ese 40%\u201d.<\/p>\n<p>\u201cAdem\u00e1s, &#8211; continuo Lagna- el gobernador aprob\u00f3 la compra de equipamiento para bomberos por 1.500 millones de pesos, ya que hoy cualquier traje o equipamiento est\u00e1 en d\u00f3lares. Tambi\u00e9n estamos en un proceso licitatorio para la adquisici\u00f3n de nueve autobombas 0 km y dos minibuses, esto es un hecho hist\u00f3rico en la provincia\u201d.<\/p>\n<p>\u201cEs muy importante que aquellos que quieran formar parte del Cuerpo de Bomberos se anote porque necesitamos j\u00f3venes capacitados, con vocaci\u00f3n y esp\u00edritu de ayuda y trabajo. En el mes de mayo inauguramos en Murphy la tercera escuela de formaci\u00f3n de la Polic\u00eda, las otras dos se encuentran en Rosario y Santa Fe y, pr\u00f3ximamente, lo haremos en Rafaela y en Reconquista. \u00c9se es el impulso que le estamos dando a aquellos que quieren formar parte de la seguridad p\u00fablica de la provincia en todas sus carreras y sabemos que el escalaf\u00f3n de bomberos tiene una convocatoria especial que se necesitan en todas las localidades, por m\u00e1s chicas o grandes que sean, por eso les pedimos a aquellos interesados que est\u00e9n atentos a la convocatoria\u201d, concluy\u00f3 el ministro.<\/p>\n<p><strong>CONVOCATORIA<\/strong><\/p>\n<p>El Ministerio de Seguridad convoca a postulantes que quieran formar parte de la Polic\u00eda de la provincia de Santa Fe, como suboficiales de Polic\u00eda en el Escalaf\u00f3n T\u00e9cnico, Subescalaf\u00f3n Bombero. La inscripci\u00f3n estar\u00e1 abierta hasta el 6 de octubre.<\/p>\n<p>Ingresar\u00e1n 100 aspirantes y ser\u00e1n distribuidas de la siguiente manera: 30 en el departamento La Capital, 40 en Rosario, 15 en Castellano, 10 en San Lorenzo y 5 en Vera.<\/p>\n<p>En esta oportunidad, la convocatoria ser\u00e1 para postulantes de 18 a 31 a\u00f1os que residan en dichos departamentos. Aquellos interesados, una vez inscriptos, y que cumplimenten con los requisitos, deber\u00e1n transitar un proceso de selecci\u00f3n que se publicar\u00e1 en la p\u00e1gina web del Instituto de Seguridad P\u00fablica. Luego, se los habilitar\u00e1 a la realizaci\u00f3n de un curso espec\u00edfico a dictarse en el Instituto de Seguridad P\u00fablica.<\/p>\n<p><strong>REQUISITOS PARA LA INSCRIPCI\u00d3N<\/strong><\/p>\n<p>A. Ser argentino, nativo o por opci\u00f3n.<\/p>\n<p>B. Tener entre 18 y 31 a\u00f1os de edad a la fecha de inscripci\u00f3n.<\/p>\n<p>C. Poseer t\u00edtulo secundario o polimodal completo (excluyente sin adeudar materias a la fecha de la incorporaci\u00f3n) el mismo deber\u00e1 estar registrado por el Ministerio de Educaci\u00f3n de la Provincia de Santa Fe.<\/p>\n<p>D. Ser residente en los departamentos de La Capital, Rosario, Castellanos, San Lorenzo y Vera.\u00a0 (Excluyente).<\/p>\n<p>E. Poseer condiciones de salud y aptitudes psicof\u00edsicas compatibles con el desempe\u00f1o de las funciones correspondientes al Escalaf\u00f3n T\u00e9cnico &#8211; Subescalaf\u00f3n Bombero de la Polic\u00eda de la provincia de Santa Fe.<\/p>\n<p>F. No haber sido condenado por la justicia nacional o provincial, por delitos o contravenciones, haya o no cumplido la pena impuesta.<\/p>\n<p>G No encontrarse procesado por la justicia nacional o provincial, hasta que obtenga sobreseimiento definitivo o absoluci\u00f3n con aclaraci\u00f3n cuando la ley lo contemple, que el proceso no afecte su buen nombre y honor.<\/p>\n<p>H. No ser empleado de la administraci\u00f3n p\u00fablica nacional, provincial, municipal y\/o comunal.<\/p>\n<p>I. No haber sido destituido, cesanteado o exonerado de la administraci\u00f3n p\u00fablica nacional, provincial, municipal y\/o comunal.<\/p>\n<p>J. Presentar la documentaci\u00f3n necesaria en forma y plazo que se establezca.<\/p>\n","protected":false},"excerpt":{"rendered":"<p>La inscripci\u00f3n ser\u00e1 hasta el 6 de octubre. Ingresar\u00e1n 100 bomberos para los departamentos La Capital, Rosario, Castellanos, San Lorenzo y Vera. Es requisito principal que los postulantes tengan entre 18 y 31 a\u00f1os y que residan en los departamentos La Capital, Rosario, Castellanos, San Lorenzo y Vera. El gobierno de la provincia, a trav\u00e9s [&hellip;]<\/p>\n","protected":false},"author":3,"featured_media":27870,"comment_status":"closed","ping_status":"closed","sticky":false,"template":"","format":"standard","meta":{"_joinchat":[],"footnotes":""},"categories":[53],"tags":[],"class_list":{"0":"post-27869","1":"post","2":"type-post","3":"status-publish","4":"format-standard","5":"has-post-thumbnail","7":"category-vera"},"_links":{"self":[{"href":"https:\/\/infovera.com.ar\/web\/wp-json\/wp\/v2\/posts\/27869","targetHints":{"allow":["GET"]}}],"collection":[{"href":"https:\/\/infovera.com.ar\/web\/wp-json\/wp\/v2\/posts"}],"about":[{"href":"https:\/\/infovera.com.ar\/web\/wp-json\/wp\/v2\/types\/post"}],"author":[{"embeddable":true,"href":"https:\/\/infovera.com.ar\/web\/wp-json\/wp\/v2\/users\/3"}],"replies":[{"embeddable":true,"href":"https:\/\/infovera.com.ar\/web\/wp-json\/wp\/v2\/comments?post=27869"}],"version-history":[{"count":0,"href":"https:\/\/infovera.com.ar\/web\/wp-json\/wp\/v2\/posts\/27869\/revisions"}],"wp:featuredmedia":[{"embeddable":true,"href":"https:\/\/infovera.com.ar\/web\/wp-json\/wp\/v2\/media\/27870"}],"wp:attachment":[{"href":"https:\/\/infovera.com.ar\/web\/wp-json\/wp\/v2\/media?parent=27869"}],"wp:term":[{"taxonomy":"category","embeddable":true,"href":"https:\/\/infovera.com.ar\/web\/wp-json\/wp\/v2\/categories?post=27869"},{"taxonomy":"post_tag","embeddable":true,"href":"https:\/\/infovera.com.ar\/web\/wp-json\/wp\/v2\/tags?post=27869"}],"curies":[{"name":"wp","href":"https:\/\/api.w.org\/{rel}","templated":true}]}}