{"id":27805,"date":"2021-09-22T10:54:10","date_gmt":"2021-09-22T13:54:10","guid":{"rendered":"https:\/\/infovera.com.ar\/web\/?p=27805"},"modified":"2021-09-23T13:45:15","modified_gmt":"2021-09-23T16:45:15","slug":"el-concejo-aprobo-un-pedido-de-informe-por-el-galpon-ferroviario","status":"publish","type":"post","link":"https:\/\/infovera.com.ar\/web\/2021\/09\/22\/el-concejo-aprobo-un-pedido-de-informe-por-el-galpon-ferroviario\/","title":{"rendered":"El Concejo aprob\u00f3 un pedido de informe por el galp\u00f3n ferroviario"},"content":{"rendered":"<p><strong>En la sesi\u00f3n de anoche, entre otros temas, el Concejo dio tratamiento y resoluci\u00f3n a dos presentaciones realizadas por el bloque Sumemos Esfuerzos.<\/strong><\/p>\n<p>En primer, el cuerpo aprob\u00f3 por unanimidad un pedido de Informe solicitando al Ejecutivo Municipal brindar informaci\u00f3n oficial sobre el desmantelamiento del galp\u00f3n ubicado en el predio del ex ferrocarril. &#8220;Situaci\u00f3n dolorosa y repudiable ya que consideramos se trata del patrimonio hist\u00f3rico y cultural de nuestra ciudad&#8221;, sostuvieron los concejales Javier Barbona y Eliana Tedini.<\/p>\n<p>Sobre el tema, se dio lectura por secretar\u00eda de nota de la intendente Paula Mitre enviada a la ADIFSE.<\/p>\n<p>Por otra parte, pas\u00f3 a comisi\u00f3n un Proyecto de Ordenanza con el fin de que se establezca la obligatoriedad de carteler\u00eda y folleter\u00eda informativa en lugares visibles en oficinas y dependencias municipales, locales comerciales, consultorios de atenci\u00f3n en salud, gimnasios, academias de danzas, locales de gastronom\u00eda, etc., para se visibilice y se promueva la prevenci\u00f3n en violencia contra las mujeres, como tambi\u00e9n que difunda tel\u00e9fonos de emergencia y direcciones para denunciar, recibir asesoramiento, acompa\u00f1amiento y\/o alojamiento.<\/p>\n<p>OTROS TEMAS TRATADOS<\/p>\n<p>\u2022Nota enviada por el ciudadano Jorge Faustino Aranda titular de la Agencia de Seguridad &#8220;AyF&#8221; solicitando el estricto cumplimiento de la Ordenanza Municipal N\u00b01902 A\u00f1o 2017.<\/p>\n<p>\u2022Dictamen de la Comisi\u00f3n de Obras P\u00fablicas sobre el proyecto alumbrado p\u00fablico en calle Bernardo de Irigoyen entre Rivadavia y Mitre. El de Alicia Moreau de Justo contin\u00faa en comisi\u00f3n.<\/p>\n","protected":false},"excerpt":{"rendered":"<p>En la sesi\u00f3n de anoche, entre otros temas, el Concejo dio tratamiento y resoluci\u00f3n a dos presentaciones realizadas por el bloque Sumemos Esfuerzos. En primer, el cuerpo aprob\u00f3 por unanimidad un pedido de Informe solicitando al Ejecutivo Municipal brindar informaci\u00f3n oficial sobre el desmantelamiento del galp\u00f3n ubicado en el predio del ex ferrocarril. &#8220;Situaci\u00f3n dolorosa [&hellip;]<\/p>\n","protected":false},"author":3,"featured_media":27806,"comment_status":"closed","ping_status":"closed","sticky":false,"template":"","format":"standard","meta":{"_joinchat":[],"footnotes":""},"categories":[53],"tags":[],"class_list":{"0":"post-27805","1":"post","2":"type-post","3":"status-publish","4":"format-standard","5":"has-post-thumbnail","7":"category-vera"},"_links":{"self":[{"href":"https:\/\/infovera.com.ar\/web\/wp-json\/wp\/v2\/posts\/27805","targetHints":{"allow":["GET"]}}],"collection":[{"href":"https:\/\/infovera.com.ar\/web\/wp-json\/wp\/v2\/posts"}],"about":[{"href":"https:\/\/infovera.com.ar\/web\/wp-json\/wp\/v2\/types\/post"}],"author":[{"embeddable":true,"href":"https:\/\/infovera.com.ar\/web\/wp-json\/wp\/v2\/users\/3"}],"replies":[{"embeddable":true,"href":"https:\/\/infovera.com.ar\/web\/wp-json\/wp\/v2\/comments?post=27805"}],"version-history":[{"count":0,"href":"https:\/\/infovera.com.ar\/web\/wp-json\/wp\/v2\/posts\/27805\/revisions"}],"wp:featuredmedia":[{"embeddable":true,"href":"https:\/\/infovera.com.ar\/web\/wp-json\/wp\/v2\/media\/27806"}],"wp:attachment":[{"href":"https:\/\/infovera.com.ar\/web\/wp-json\/wp\/v2\/media?parent=27805"}],"wp:term":[{"taxonomy":"category","embeddable":true,"href":"https:\/\/infovera.com.ar\/web\/wp-json\/wp\/v2\/categories?post=27805"},{"taxonomy":"post_tag","embeddable":true,"href":"https:\/\/infovera.com.ar\/web\/wp-json\/wp\/v2\/tags?post=27805"}],"curies":[{"name":"wp","href":"https:\/\/api.w.org\/{rel}","templated":true}]}}