{"id":27755,"date":"2021-09-21T13:24:10","date_gmt":"2021-09-21T16:24:10","guid":{"rendered":"https:\/\/infovera.com.ar\/web\/?p=27755"},"modified":"2021-09-21T13:24:10","modified_gmt":"2021-09-21T16:24:10","slug":"escapadita-a-jujuy","status":"publish","type":"post","link":"https:\/\/infovera.com.ar\/web\/2021\/09\/21\/escapadita-a-jujuy\/","title":{"rendered":"Escapadita a Jujuy"},"content":{"rendered":"<p><strong>El fin de semana fue ocasi\u00f3n propicia para que el escribano Federico Pezz y su esposa, Fabiana Miract, visiten \u201cla hermosa Jujuy\u201d.<\/strong><\/p>\n<p>El senador mandato cumplido recorri\u00f3 en auto el largo trayecto hasta la provincia fronteriza donde se aloj\u00f3 por unos d\u00edas, periplo vacacional que culmin\u00f3 con un almuerzo familiar con el gobernador Gerardo Morales, a quien destac\u00f3 como \u201cun amigo\u201d.<\/p>\n<p>Pezz se\u00f1al\u00f3 que la charla vers\u00f3 sobre la \u201ccomplicada situaci\u00f3n del gobierno nacional\u201d y acerca de la necesidad de un \u201cradicalismo fuerte, competitivo y con vocaci\u00f3n de poder camino al 2023\u201d, para fortalecer Juntos por el Cambio. Pezz est\u00e1 convencido que Morales tienen que ser protagonista del 2023.<\/p>\n<p>Por supuesto que la conversaci\u00f3n en medio del deguste de platos t\u00edpicos juje\u00f1os tambi\u00e9n abord\u00f3 la \u201cexitosa gesti\u00f3n provincial de Gerardo, que es orgullo para los radicales de todo el pa\u00eds. Gracias por la invitaci\u00f3n Gerardo y Tulia\u201d, agradeci\u00f3.<\/p>\n<p>Ya de vuelta en el norte provincial, Federico Pezz reanud\u00f3 su recorrida por General Obligado en su rol de armador pol\u00edtico del sector que lidera Mario Barletta, tarea que despliega con epicentro en Reconquista, ciudad en la que Natalia Capparelli, la precandidata que impuls\u00f3 el sector en el que milita, fue la m\u00e1s votada en las Paso y tiene firmes chances de ganar en la general de noviembre.<\/p>\n","protected":false},"excerpt":{"rendered":"<p>El fin de semana fue ocasi\u00f3n propicia para que el escribano Federico Pezz y su esposa, Fabiana Miract, visiten \u201cla hermosa Jujuy\u201d. El senador mandato cumplido recorri\u00f3 en auto el largo trayecto hasta la provincia fronteriza donde se aloj\u00f3 por unos d\u00edas, periplo vacacional que culmin\u00f3 con un almuerzo familiar con el gobernador Gerardo Morales, [&hellip;]<\/p>\n","protected":false},"author":3,"featured_media":27758,"comment_status":"open","ping_status":"open","sticky":false,"template":"","format":"standard","meta":{"_joinchat":[],"footnotes":""},"categories":[66],"tags":[],"class_list":{"0":"post-27755","1":"post","2":"type-post","3":"status-publish","4":"format-standard","5":"has-post-thumbnail","7":"category-politica"},"_links":{"self":[{"href":"https:\/\/infovera.com.ar\/web\/wp-json\/wp\/v2\/posts\/27755","targetHints":{"allow":["GET"]}}],"collection":[{"href":"https:\/\/infovera.com.ar\/web\/wp-json\/wp\/v2\/posts"}],"about":[{"href":"https:\/\/infovera.com.ar\/web\/wp-json\/wp\/v2\/types\/post"}],"author":[{"embeddable":true,"href":"https:\/\/infovera.com.ar\/web\/wp-json\/wp\/v2\/users\/3"}],"replies":[{"embeddable":true,"href":"https:\/\/infovera.com.ar\/web\/wp-json\/wp\/v2\/comments?post=27755"}],"version-history":[{"count":0,"href":"https:\/\/infovera.com.ar\/web\/wp-json\/wp\/v2\/posts\/27755\/revisions"}],"wp:featuredmedia":[{"embeddable":true,"href":"https:\/\/infovera.com.ar\/web\/wp-json\/wp\/v2\/media\/27758"}],"wp:attachment":[{"href":"https:\/\/infovera.com.ar\/web\/wp-json\/wp\/v2\/media?parent=27755"}],"wp:term":[{"taxonomy":"category","embeddable":true,"href":"https:\/\/infovera.com.ar\/web\/wp-json\/wp\/v2\/categories?post=27755"},{"taxonomy":"post_tag","embeddable":true,"href":"https:\/\/infovera.com.ar\/web\/wp-json\/wp\/v2\/tags?post=27755"}],"curies":[{"name":"wp","href":"https:\/\/api.w.org\/{rel}","templated":true}]}}