{"id":27717,"date":"2021-09-20T14:02:20","date_gmt":"2021-09-20T17:02:20","guid":{"rendered":"https:\/\/infovera.com.ar\/web\/?p=27717"},"modified":"2021-09-22T11:53:17","modified_gmt":"2021-09-22T14:53:17","slug":"consulta-publica-la-provincia-brindo-detalles-sobre-obras-de-mejoramiento-y-pavimentacion-de-la-ruta-3","status":"publish","type":"post","link":"https:\/\/infovera.com.ar\/web\/2021\/09\/20\/consulta-publica-la-provincia-brindo-detalles-sobre-obras-de-mejoramiento-y-pavimentacion-de-la-ruta-3\/","title":{"rendered":"Consulta p\u00fablica: la provincia brind\u00f3 detalles sobre obras de mejoramiento y pavimentaci\u00f3n de la Ruta 3"},"content":{"rendered":"<p><strong>Abarca el tramo Ca\u00f1ada Omb\u00fa \u2013 Los Amores en el departamento Vera. A trav\u00e9s de una consulta p\u00fablica desarrollada de manera virtual, se brindaron detalles sobre el proyecto t\u00e9cnico en aspectos relacionados al impacto ambiental, social e hidrovial.\u00a0<\/strong><\/p>\n<p>El Ministerio de Infraestructura, Servicios P\u00fablicos y H\u00e1bitat, a trav\u00e9s de la Direcci\u00f3n Provincial de Vialidad, llev\u00f3 adelante este lunes la consulta p\u00fablica para escuchar y recabar las opiniones de los santafesinos y santafesinas que desearon expresarse sobre el proyecto para las obras de Mejoramiento y pavimentaci\u00f3n Ruta Provincial N\u00ba3, tramo Ca\u00f1ada Omb\u00fa \u2013 Los Amores, departamento Vera. La obra ser\u00e1 financiada por el BID \u2013 Banco Interamericano de Desarrollo- con un presupuesto oficial que ronda los 1.000 millones de pesos.<\/p>\n<p>La actividad estuvo encabezada por la ministra de la cartera, Silvina Frana, y el administrador de Vialidad Provincial, Oscar Ceschi.<\/p>\n<p>En este marco, Frana destac\u00f3: \u201cEstas obras se enmarcan en el Plan director de las obras hidroviales que se realizar\u00e1n en la regi\u00f3n de los Bajos Submeridionales, que fueron suscriptas mediante un convenio firmado por los gobernadores Omar Perotti, Jorge Capitanich y Gerardo Zamora, a principios del a\u00f1o pasado, y luego los equipos t\u00e9cnicos realizaron el proyecto ejecutivo. Y en ese sentido, desde el inicio de la gesti\u00f3n, desde el gobierno nacional y provincial hay una clara pol\u00edtica de intervenci\u00f3n en la zona de los bajos submeridionales, en la que se est\u00e1n llevando adelante muchas obras, algunas ya se est\u00e1n ejecutando, y otras se est\u00e1n planteando\u201d.<\/p>\n<p>\u201cEsta instancia de consulta p\u00fablica ratifica lo que venimos haciendo desde el inicio de la gesti\u00f3n. Junto a los ministros de Producci\u00f3n, Daniel Costamagna, y de Ambiente Clim\u00e1tico, \u00c9rika Gonet, trabajamos interministerialmente, y escuchando a los productores y actores locales, para tomar las mejores decisiones, para que los proyectos definitivos y el financiamiento se destinen a donde la gente de la regi\u00f3n mejor conoce, y de esa manera lograr aquel objetivo, que es potenciar esta regi\u00f3n como un polo de desarrollo productivo y tur\u00edstico, de generaci\u00f3n de empleo, con pol\u00edticas de arraigo, y cuando todo esto sucede claramente se trasunta en la dignidad de vida de la gente de la regi\u00f3n\u201d, subray\u00f3 Frana.<\/p>\n<p>\u201cEsto muestra la vocaci\u00f3n de trabajar seriamente en la obras que necesita la zona de los Bajos Submeridionales\u201d; y valor\u00f3 \u201cesta pol\u00edtica de Estado que empez\u00f3 el primer d\u00eda de esta gesti\u00f3n, con estas obras de gran importancia para fortalecer un territorio que tiene una gran demanda de hace mucho tiempo, sin perder de vista la necesidad de que todas estas decisiones van de la mano de una evaluaci\u00f3n ambiental\u201d, concluy\u00f3 la ministra.<\/p>\n<p>Por su parte, el administrador de Vialidad Provincial, Oscar Ceschi, brind\u00f3 detalles de la obra: \u201cEsta es la continuidad de las obras de pavimentaci\u00f3n de la ruta provincial N\u00ba3, que en junio de este a\u00f1o licitamos el segmento de 23 kil\u00f3metros hasta Ca\u00f1ada Omb\u00fa. Y ahora queremos pavimentar los 18 kil\u00f3metros, superando la zona urbana de Los Amores, que es la \u00faltima localidad del departamento Vera. Estas obras van a evitar los anegamientos que se generan sobre la calzada natural en \u00e9pocas de abundantes precipitaciones&#8221;.<\/p>\n<p>&#8220;Esta obra es la cuarta de importancia que vamos a licitar en el norte santafesino. Llevamos tres rutas, la 31 y la Ruta 32 y la que mencionaba anteriormente la ruta 3, con obras que superan los 1.000 millones de pesos cada obra. Esta obra de la ruta 3 tambi\u00e9n est\u00e1n cerca de los 1.000 millones, as\u00ed que estamos, de esta forma, invirtiendo m\u00e1s de 4.500 millones de pesos solamente en rutas, y haciendo un monto total en todo el norte santafesino que superan los 8.000 millones de pesos de inversi\u00f3n que estamos llevando a cabo actualmente\u201d, detall\u00f3 Ceschi.<\/p>\n<p>Y a\u00f1adi\u00f3: \u201cEste es un proyecto de gran envergadura situado en la regi\u00f3n de los Bajos Submeridionales, que tiene la aprobaci\u00f3n del Estudio de Impacto Ambiental emitida por el Ministerio de Ambiente y Cambio Clim\u00e1tico de la Provincia, que busca resolver la conectividad en la regi\u00f3n y fortalecer una zona con una mirada ambiental y tur\u00edstica\u201d, cerr\u00f3 Ceschi.<\/p>\n<p>Acompa\u00f1aron de manera virtual a trav\u00e9s de la plataforma google meet, el senador por el departamento Vera, Osvaldo Sosa; los subsecretarios de Proyectos de Inversi\u00f3n, Claudio Vissio, y de Planificaci\u00f3n y Gesti\u00f3n, Carlos Scioli, el asesor ministerial, Daniel Ricotti, la intendente de Vera, Paula Mitre, y el presidente comunal de Los Amores, Omar Walker, entre otras autoridades, productores locales, y p\u00fablico en general. Paralelamente, la consulta p\u00fablica se transmiti\u00f3 por las redes sociales del ministerio.<\/p>\n<p><strong>LAS OBRAS<\/strong><\/p>\n<p>Ubicada en el departamento Vera, la Ruta Provincial N\u00b03, tiene una extensi\u00f3n total aproximada de 167 kil\u00f3metros comenzando en cercan\u00edas a la ciudad cabecera y finalizando en el l\u00edmite interprovincial con Chaco. La traza, se encuentra pavimentada en unos 113 kil\u00f3metros, desde el enlace con Ruta Nacional N\u00b011 hasta la localidad de Los T\u00e1banos. En junio de 2021, con un presupuesto oficial de $1.522.103.698,89, la provincia licit\u00f3 la pavimentaci\u00f3n del segmento de 23 kil\u00f3metros para extenderse hasta Ca\u00f1ada Omb\u00fa.<\/p>\n<p>El presente proyecto, implica la pavimentaci\u00f3n de 18 kil\u00f3metros superando la zona urbana de Los Amores, \u00faltima localidad del departamento, brindando soluciones a los anegamientos generados sobre la calzada natural a causa de diferentes episodios de precipitaciones. De tal manera, se propone el alteo y la pavimentaci\u00f3n del tramo, asegurando el flujo de tr\u00e1nsito, las condiciones de desarrollo humano y evitando el aislamiento de la localidad norte\u00f1a, entre otros beneficios. La obra cuenta con un presupuesto cercano a los 1.000 millones de pesos y un plazo de ejecuci\u00f3n de 12 meses.<\/p>\n<p>Entre las tareas a realizar, se incluyen diferentes obras complementarias como la instalaci\u00f3n de luminarias en el cruce de Ca\u00f1ada Omb\u00fa, una vereda peatonal y un nuevo sistema de iluminaci\u00f3n en la zona urbana de Los Amores, reparaciones en puentes y alcantarillas existentes, y garitas de detenci\u00f3n para el servicio de transportes de pasajeros, entre otras.<\/p>\n<p>Resulta importante destacar la infraestructura a construir para el drenaje de los excesos h\u00eddricos pluviales, considerando la presencia del terrapl\u00e9n ferroviario al oeste de la traza. La direcci\u00f3n del escurrimiento se desarrolla de oeste a este, en tal sentido, en el proyecto se mantuvieron algunas alcantarillas transversales y se diagram\u00f3 la construcci\u00f3n de nuevos puentes para absorber la expansi\u00f3n del flujo en caso de crecidas extraordinarias.<\/p>\n<p>El proyecto recibi\u00f3 la aprobaci\u00f3n del Estudio de Impacto Ambiental por intermedio de la resoluci\u00f3n N\u00b0102\/2021, emitida por el Ministerio de Ambiente y Cambio Clim\u00e1tico de la Provincia, quien categoriz\u00f3 al mismo de Mediano Impacto.<\/p>\n<p>El espacio a intervenir, se establece \u00edntegramente en la regi\u00f3n de los Bajos Submeridionales y en consecuencia, queda sujeto a condiciones de inundaci\u00f3n y sequ\u00eda. La misma, tiene como principal actividad econ\u00f3mica la ganader\u00eda extensiva, basada en la cr\u00eda e invernada de ganado bovino, existiendo un peque\u00f1o porcentaje de tambos.<\/p>\n","protected":false},"excerpt":{"rendered":"<p>Abarca el tramo Ca\u00f1ada Omb\u00fa \u2013 Los Amores en el departamento Vera. A trav\u00e9s de una consulta p\u00fablica desarrollada de manera virtual, se brindaron detalles sobre el proyecto t\u00e9cnico en aspectos relacionados al impacto ambiental, social e hidrovial.\u00a0 El Ministerio de Infraestructura, Servicios P\u00fablicos y H\u00e1bitat, a trav\u00e9s de la Direcci\u00f3n Provincial de Vialidad, llev\u00f3 [&hellip;]<\/p>\n","protected":false},"author":3,"featured_media":27720,"comment_status":"open","ping_status":"open","sticky":false,"template":"","format":"standard","meta":{"_joinchat":[],"footnotes":""},"categories":[51],"tags":[],"class_list":{"0":"post-27717","1":"post","2":"type-post","3":"status-publish","4":"format-standard","5":"has-post-thumbnail","7":"category-locales"},"_links":{"self":[{"href":"https:\/\/infovera.com.ar\/web\/wp-json\/wp\/v2\/posts\/27717","targetHints":{"allow":["GET"]}}],"collection":[{"href":"https:\/\/infovera.com.ar\/web\/wp-json\/wp\/v2\/posts"}],"about":[{"href":"https:\/\/infovera.com.ar\/web\/wp-json\/wp\/v2\/types\/post"}],"author":[{"embeddable":true,"href":"https:\/\/infovera.com.ar\/web\/wp-json\/wp\/v2\/users\/3"}],"replies":[{"embeddable":true,"href":"https:\/\/infovera.com.ar\/web\/wp-json\/wp\/v2\/comments?post=27717"}],"version-history":[{"count":0,"href":"https:\/\/infovera.com.ar\/web\/wp-json\/wp\/v2\/posts\/27717\/revisions"}],"wp:featuredmedia":[{"embeddable":true,"href":"https:\/\/infovera.com.ar\/web\/wp-json\/wp\/v2\/media\/27720"}],"wp:attachment":[{"href":"https:\/\/infovera.com.ar\/web\/wp-json\/wp\/v2\/media?parent=27717"}],"wp:term":[{"taxonomy":"category","embeddable":true,"href":"https:\/\/infovera.com.ar\/web\/wp-json\/wp\/v2\/categories?post=27717"},{"taxonomy":"post_tag","embeddable":true,"href":"https:\/\/infovera.com.ar\/web\/wp-json\/wp\/v2\/tags?post=27717"}],"curies":[{"name":"wp","href":"https:\/\/api.w.org\/{rel}","templated":true}]}}