{"id":27706,"date":"2021-09-20T11:34:17","date_gmt":"2021-09-20T14:34:17","guid":{"rendered":"https:\/\/infovera.com.ar\/web\/?p=27706"},"modified":"2021-09-20T11:34:17","modified_gmt":"2021-09-20T14:34:17","slug":"llovia-su-auto-se-despisto-y-termino-arriba-de-una-garita","status":"publish","type":"post","link":"https:\/\/infovera.com.ar\/web\/2021\/09\/20\/llovia-su-auto-se-despisto-y-termino-arriba-de-una-garita\/","title":{"rendered":"Llov\u00eda, su auto se despist\u00f3 y termin\u00f3 arriba de una garita"},"content":{"rendered":"<p><strong>Un polic\u00eda que manejaba bajo la lluvia perdi\u00f3 el control del auto, dio varios tumbos e ins\u00f3litamente termin\u00f3 arriba de una garita de colectivos.<\/strong><\/p>\n<p>Un autom\u00f3vil despist\u00f3 mientras circulaba por la autov\u00eda N\u00ba 14, en la provincia de Entre R\u00edos, e ins\u00f3litamente termin\u00f3 arriba de una\u00a0garita\u00a0de colectivos. Quien conduc\u00eda el veh\u00edculo es nada menos que el jefe de la\u00a0Polic\u00eda\u00a0de San Jos\u00e9, Luis Mart\u00edn.<\/p>\n<p>El siniestro ocurri\u00f3 alrededor de las 7 de este lunes mientras llov\u00eda, en el kil\u00f3metro 148 de la Autov\u00eda Artigas, en la zona de Colonia Hughes.<\/p>\n<p>Tras despistar, el autom\u00f3vil conducido por el uniformado inexplicablemente finaliz\u00f3 su marcha sobre el techo de la construcci\u00f3n, al costado de la ruta.<\/p>\n<p>Seg\u00fan fuentes policiales, Mart\u00edn vive vive en Concepci\u00f3n del Uruguay y se dirig\u00eda hacia San Jos\u00e9, donde trabaja.<\/p>\n<p>Tras el incre\u00edble incidente, el polic\u00eda termin\u00f3 con golpes en la cara y la cabeza.<\/p>\n<p>El\u00a0auto, un Toyota Corolla de color negro, habr\u00eda impactado contra el guardarrail y tras dar varios tumbos termin\u00f3 montado sobre la\u00a0garita\u00a0donde la gente espera el colectivo.<\/p>\n<p>El conductor tuvo que ser rescatado por bomberos de la ciudad entrerriana de Col\u00f3n, cercana al lugar del ins\u00f3lito episodio.<\/p>\n","protected":false},"excerpt":{"rendered":"<p>Un polic\u00eda que manejaba bajo la lluvia perdi\u00f3 el control del auto, dio varios tumbos e ins\u00f3litamente termin\u00f3 arriba de una garita de colectivos. Un autom\u00f3vil despist\u00f3 mientras circulaba por la autov\u00eda N\u00ba 14, en la provincia de Entre R\u00edos, e ins\u00f3litamente termin\u00f3 arriba de una\u00a0garita\u00a0de colectivos. Quien conduc\u00eda el veh\u00edculo es nada menos que [&hellip;]<\/p>\n","protected":false},"author":3,"featured_media":27709,"comment_status":"open","ping_status":"open","sticky":false,"template":"","format":"standard","meta":{"_joinchat":[],"footnotes":""},"categories":[60],"tags":[],"class_list":{"0":"post-27706","1":"post","2":"type-post","3":"status-publish","4":"format-standard","5":"has-post-thumbnail","7":"category-provinciales"},"_links":{"self":[{"href":"https:\/\/infovera.com.ar\/web\/wp-json\/wp\/v2\/posts\/27706","targetHints":{"allow":["GET"]}}],"collection":[{"href":"https:\/\/infovera.com.ar\/web\/wp-json\/wp\/v2\/posts"}],"about":[{"href":"https:\/\/infovera.com.ar\/web\/wp-json\/wp\/v2\/types\/post"}],"author":[{"embeddable":true,"href":"https:\/\/infovera.com.ar\/web\/wp-json\/wp\/v2\/users\/3"}],"replies":[{"embeddable":true,"href":"https:\/\/infovera.com.ar\/web\/wp-json\/wp\/v2\/comments?post=27706"}],"version-history":[{"count":0,"href":"https:\/\/infovera.com.ar\/web\/wp-json\/wp\/v2\/posts\/27706\/revisions"}],"wp:featuredmedia":[{"embeddable":true,"href":"https:\/\/infovera.com.ar\/web\/wp-json\/wp\/v2\/media\/27709"}],"wp:attachment":[{"href":"https:\/\/infovera.com.ar\/web\/wp-json\/wp\/v2\/media?parent=27706"}],"wp:term":[{"taxonomy":"category","embeddable":true,"href":"https:\/\/infovera.com.ar\/web\/wp-json\/wp\/v2\/categories?post=27706"},{"taxonomy":"post_tag","embeddable":true,"href":"https:\/\/infovera.com.ar\/web\/wp-json\/wp\/v2\/tags?post=27706"}],"curies":[{"name":"wp","href":"https:\/\/api.w.org\/{rel}","templated":true}]}}