{"id":27689,"date":"2021-09-20T10:45:44","date_gmt":"2021-09-20T13:45:44","guid":{"rendered":"https:\/\/infovera.com.ar\/web\/?p=27689"},"modified":"2021-09-20T10:45:44","modified_gmt":"2021-09-20T13:45:44","slug":"denunciaron-penalmente-al-intendente-de-florencia","status":"publish","type":"post","link":"https:\/\/infovera.com.ar\/web\/2021\/09\/20\/denunciaron-penalmente-al-intendente-de-florencia\/","title":{"rendered":"Denunciaron penalmente al intendente de Florencia"},"content":{"rendered":"<p><strong>Rub\u00e9n Carlos Quain, quien maneja la localidad de Florencia desde el a\u00f1o 1995, fue denunciado penalmente por incumplimiento de los deberes como funcionario p\u00fablico y malversaci\u00f3n de fondos del municipio. Quien llev\u00f3 adelante la denuncia fue el concejal de Juntos por el Cambio, Fabio Villa.<\/strong><\/p>\n<p>\u201cDesde que Florencia fue declarada ciudad y se conform\u00f3 su Concejo en 2017, el intendente Quain no present\u00f3 en ninguna oportunidad los balances del presupuesto ejecutado en el municipio. Solo lo hizo en una oportunidad y de muy mala manera, con facturas dudosas y comprobantes truchos\u201d, asegur\u00f3 Fabio Villa.<\/p>\n<p>En ese sentido, el concejal de Juntos por el Cambio, afirm\u00f3 haber presentado todas las pruebas correspondientes que lo incriminan y dijo que \u201ctodo lo que sucedi\u00f3 desde que confirmamos una comisi\u00f3n investigadora es dudoso. Sin embargo, el intendente hace m\u00e1s de 25 a\u00f1os que lleva adelante estas pr\u00e1cticas corruptas que pagamos todos los habitantes de Florencia\u201d.<\/p>\n<p>Ubicada en el norte de la provincia de Santa Fe, Florencia es la ciudad con m\u00e1s pobreza del territorio. En muchos barrios, no existe el agua potable, el trabajo escasea y las condiciones en la que viven sus habitantes, son de indigencia.<\/p>\n<p>\u201cLamentablemente, en la mayor\u00eda de los casos, los vecinos de Florencia se sienten rehenes de este se\u00f1or que lejos de querer mejorar la calidad de vida de quienes vivimos en esta ciudad, utiliza los fondos p\u00fablicos para beneficios personales y de sus amigos\u201d, cuestion\u00f3 Fabio Villa.<\/p>\n<p>Por \u00faltimo, el edil de Juntos por el Cambio, asegur\u00f3 que \u201cluego de haber presentado esta denuncia, esperamos que la justicia investigue, tome nuestras pruebas y act\u00fae en consecuencia para que Rub\u00e9n Quain y sus colaboradores, no se roben m\u00e1s los sue\u00f1os de los vecinos de Florencia\u201d.<\/p>\n<p><img loading=\"lazy\" decoding=\"async\" class=\" wp-image-22351 aligncenter\" src=\"https:\/\/infovera.com.ar\/web\/wp-content\/uploads\/2021\/06\/ACOSTA-3-300x54.jpg\" alt=\"\" width=\"733\" height=\"132\" srcset=\"https:\/\/infovera.com.ar\/web\/wp-content\/uploads\/2021\/06\/ACOSTA-3-300x54.jpg 300w, https:\/\/infovera.com.ar\/web\/wp-content\/uploads\/2021\/06\/ACOSTA-3.jpg 670w\" sizes=\"auto, (max-width: 733px) 100vw, 733px\" \/><\/p>\n","protected":false},"excerpt":{"rendered":"<p>Rub\u00e9n Carlos Quain, quien maneja la localidad de Florencia desde el a\u00f1o 1995, fue denunciado penalmente por incumplimiento de los deberes como funcionario p\u00fablico y malversaci\u00f3n de fondos del municipio. Quien llev\u00f3 adelante la denuncia fue el concejal de Juntos por el Cambio, Fabio Villa. \u201cDesde que Florencia fue declarada ciudad y se conform\u00f3 su [&hellip;]<\/p>\n","protected":false},"author":3,"featured_media":27693,"comment_status":"open","ping_status":"open","sticky":false,"template":"","format":"standard","meta":{"_joinchat":[],"footnotes":""},"categories":[55],"tags":[],"class_list":{"0":"post-27689","1":"post","2":"type-post","3":"status-publish","4":"format-standard","5":"has-post-thumbnail","7":"category-reconquista"},"_links":{"self":[{"href":"https:\/\/infovera.com.ar\/web\/wp-json\/wp\/v2\/posts\/27689","targetHints":{"allow":["GET"]}}],"collection":[{"href":"https:\/\/infovera.com.ar\/web\/wp-json\/wp\/v2\/posts"}],"about":[{"href":"https:\/\/infovera.com.ar\/web\/wp-json\/wp\/v2\/types\/post"}],"author":[{"embeddable":true,"href":"https:\/\/infovera.com.ar\/web\/wp-json\/wp\/v2\/users\/3"}],"replies":[{"embeddable":true,"href":"https:\/\/infovera.com.ar\/web\/wp-json\/wp\/v2\/comments?post=27689"}],"version-history":[{"count":0,"href":"https:\/\/infovera.com.ar\/web\/wp-json\/wp\/v2\/posts\/27689\/revisions"}],"wp:featuredmedia":[{"embeddable":true,"href":"https:\/\/infovera.com.ar\/web\/wp-json\/wp\/v2\/media\/27693"}],"wp:attachment":[{"href":"https:\/\/infovera.com.ar\/web\/wp-json\/wp\/v2\/media?parent=27689"}],"wp:term":[{"taxonomy":"category","embeddable":true,"href":"https:\/\/infovera.com.ar\/web\/wp-json\/wp\/v2\/categories?post=27689"},{"taxonomy":"post_tag","embeddable":true,"href":"https:\/\/infovera.com.ar\/web\/wp-json\/wp\/v2\/tags?post=27689"}],"curies":[{"name":"wp","href":"https:\/\/api.w.org\/{rel}","templated":true}]}}