{"id":26992,"date":"2021-09-16T13:46:10","date_gmt":"2021-09-16T16:46:10","guid":{"rendered":"https:\/\/infovera.com.ar\/web\/?p=26992"},"modified":"2021-09-16T13:46:10","modified_gmt":"2021-09-16T16:46:10","slug":"encontraron-muerto-al-hijo-de-uno-de-los-duenos-de-vicentin","status":"publish","type":"post","link":"https:\/\/infovera.com.ar\/web\/2021\/09\/16\/encontraron-muerto-al-hijo-de-uno-de-los-duenos-de-vicentin\/","title":{"rendered":"Encontraron muerto al hijo de uno de los due\u00f1os de Vicentin"},"content":{"rendered":"<p><strong>Se trata de Nicolas Nardelli, hijo de Gustavo Nardelli y sobrino de Sergio Nardelli, CEO, quien fue hallado sin vida durante la noche de este mi\u00e9rcoles, en una vivienda de Campo Timb\u00f3. El muchacho de 37 a\u00f1os era uno de los due\u00f1os de la firma Vicent\u00edn.<\/strong><\/p>\n<p>Un llamado a la Comisar\u00eda 9na de Timb\u00faes alert\u00f3 sobre el hecho siendo alrededor de las 21 horas. Los uniformados se hicieron presente en la vivienda indicada y constataron la presencia del hombre sin signos vitales.<\/p>\n<p>Todo indica que se quit\u00f3 la vida, de acuerdo a las primeras versiones oficiales. Por lo pronto, interviene la Fiscal\u00eda de San Lorenzo y seg\u00fan el medio Informaci\u00f3n Regional, el cuerpo ser\u00e1 enviado a autopsia para las diligencias pertinentes.<\/p>\n<p>La noticia sobre el tr\u00e1gico final del muchacho sacudi\u00f3 a la regi\u00f3n durante las \u00faltimas horas. Se trata del hijo de Gustavo Nardelli uno de los accionistas de la firma de productos primarios de exportaci\u00f3n Vicentin, cuya terminal de embarque se encuentra en San Lorenzo, provincia de Santa Fe.<\/p>\n<p>Cabe destacar que en 2019, la empresa se declar\u00f3 en una situaci\u00f3n de \u201cestr\u00e9s financiero\u201d debido a una abultada deuda, principalmente al Banco Naci\u00f3n. En 2020 se anunci\u00f3 su intervenci\u00f3n por decreto y se envi\u00f3 al Congreso un proyecto de Ley de expropiaci\u00f3n de sus activos, con el objetivo de transformarla en una empresa de car\u00e1cter p\u00fablico. All\u00ed inici\u00f3 un fuerte debate que pareci\u00f3 quedar zanjado tras una propuesta del gobierno santafesino.<\/p>\n<p>Por otra parte, el pasado 12 de agosto de 2020, falleci\u00f3 por un infarto masivo su t\u00edo y hermano de Gustavo, Sergio Nardelli, CEO y cara visible del periplo de la firma que deriv\u00f3 en un esc\u00e1ndalo econ\u00f3mico, financiero, pol\u00edtico y social.<\/p>\n<p>Actualmente, el gobernador Omar Perotti intenta poner en marcha un fideicomiso bajo control provincial que maneje la empresa hasta que se forme una nueva sociedad mixta.<\/p>\n<p>&nbsp;<\/p>\n","protected":false},"excerpt":{"rendered":"<p>Se trata de Nicolas Nardelli, hijo de Gustavo Nardelli y sobrino de Sergio Nardelli, CEO, quien fue hallado sin vida durante la noche de este mi\u00e9rcoles, en una vivienda de Campo Timb\u00f3. El muchacho de 37 a\u00f1os era uno de los due\u00f1os de la firma Vicent\u00edn. Un llamado a la Comisar\u00eda 9na de Timb\u00faes alert\u00f3 [&hellip;]<\/p>\n","protected":false},"author":3,"featured_media":18936,"comment_status":"open","ping_status":"open","sticky":false,"template":"","format":"standard","meta":{"_joinchat":[],"footnotes":""},"categories":[60],"tags":[],"class_list":{"0":"post-26992","1":"post","2":"type-post","3":"status-publish","4":"format-standard","5":"has-post-thumbnail","7":"category-provinciales"},"_links":{"self":[{"href":"https:\/\/infovera.com.ar\/web\/wp-json\/wp\/v2\/posts\/26992","targetHints":{"allow":["GET"]}}],"collection":[{"href":"https:\/\/infovera.com.ar\/web\/wp-json\/wp\/v2\/posts"}],"about":[{"href":"https:\/\/infovera.com.ar\/web\/wp-json\/wp\/v2\/types\/post"}],"author":[{"embeddable":true,"href":"https:\/\/infovera.com.ar\/web\/wp-json\/wp\/v2\/users\/3"}],"replies":[{"embeddable":true,"href":"https:\/\/infovera.com.ar\/web\/wp-json\/wp\/v2\/comments?post=26992"}],"version-history":[{"count":0,"href":"https:\/\/infovera.com.ar\/web\/wp-json\/wp\/v2\/posts\/26992\/revisions"}],"wp:featuredmedia":[{"embeddable":true,"href":"https:\/\/infovera.com.ar\/web\/wp-json\/wp\/v2\/media\/18936"}],"wp:attachment":[{"href":"https:\/\/infovera.com.ar\/web\/wp-json\/wp\/v2\/media?parent=26992"}],"wp:term":[{"taxonomy":"category","embeddable":true,"href":"https:\/\/infovera.com.ar\/web\/wp-json\/wp\/v2\/categories?post=26992"},{"taxonomy":"post_tag","embeddable":true,"href":"https:\/\/infovera.com.ar\/web\/wp-json\/wp\/v2\/tags?post=26992"}],"curies":[{"name":"wp","href":"https:\/\/api.w.org\/{rel}","templated":true}]}}