{"id":26945,"date":"2021-09-16T07:37:22","date_gmt":"2021-09-16T10:37:22","guid":{"rendered":"https:\/\/infovera.com.ar\/web\/?p=26945"},"modified":"2021-09-16T07:37:22","modified_gmt":"2021-09-16T10:37:22","slug":"condenaron-a-mauro-blanco-exfiscal-adjunto-de-venado-tuerto","status":"publish","type":"post","link":"https:\/\/infovera.com.ar\/web\/2021\/09\/16\/condenaron-a-mauro-blanco-exfiscal-adjunto-de-venado-tuerto\/","title":{"rendered":"Condenaron a\u00a0Mauro Blanco, exfiscal\u00a0adjunto de Venado Tuerto"},"content":{"rendered":"<p><strong>Se le impuso una pena de tres a\u00f1os de prisi\u00f3n efectiva, inhabilitaci\u00f3n para ocupar cargos p\u00fablicos por seis a\u00f1os y el pago de 400 mil pesos en concepto de costas procesales. La sentencia fue resuelta por la autor\u00eda de los delitos de incumplimiento de los deberes de funcionario p\u00fablico, revelaci\u00f3n de informaci\u00f3n secreta y allanamiento ilegal.\u00a0El fiscal de Reconquista, Leandro Mai, estuvo a cargo de la investigaci\u00f3n de los il\u00edcitos.<\/strong><\/p>\n<p>El exfiscal adjunto de Venado Tuerto, Mauro Blanco, fue condenado a tres a\u00f1os de prisi\u00f3n efectiva e inhabilitaci\u00f3n para ocupar cargos p\u00fablicos por seis a\u00f1os. Tambi\u00e9n deber\u00e1 pagar 400 mil pesos en concepto de costas procesales.<\/p>\n<p>As\u00ed fue resuelto por el juez Adri\u00e1n Godoy en el marco de un juicio en el que se abreviaron los procedimientos.<\/p>\n<p>El fiscal de Reconquista, Leandro Mai, estuvo a cargo de la investigaci\u00f3n. El funcionario del MPA precis\u00f3 que \u201cBlanco fue condenado como autor de los delitos de\u00a0incumplimiento de los deberes de funcionario p\u00fablico, revelaci\u00f3n de informaci\u00f3n secreta y allanamiento ilegal\u201d.<\/p>\n<p>En cuanto\u00a0a la pena impuesta, el fiscal Mai explic\u00f3 que \u201cel condenado\u00a0cumplir\u00e1 los tres a\u00f1os de prisi\u00f3n\u00a0de forma domiciliaria debido a\u00a0que padece\u00a0una enfermedad cr\u00f3nica y a que tiene a su exclusivo cuidado a un hijo menor de edad\u201d.<\/p>\n<p><strong>Tres il\u00edcitos<\/strong><\/p>\n<p>\u201cBlanco\u00a0fue condenado por la autor\u00eda de\u00a0tres hechos il\u00edcitos\u201d, inform\u00f3 Mai\u00a0y puntualiz\u00f3 que \u201cfueron cometidos en 2019\u201d.<\/p>\n<p>Mai precis\u00f3 que\u00a0\u201cel primero de\u00a0los il\u00edcitos fue en horas de la noche del martes 26 de noviembre\u201d y relat\u00f3 que \u201cen ejercicio de sus funciones como fiscal, orden\u00f3 requisar un autom\u00f3vil estacionado en la v\u00eda p\u00fablica y el secuestro de elementos que hab\u00eda dentro del veh\u00edculo\u201d. En tal sentido, agreg\u00f3 que \u201ctom\u00f3 esas decisiones sin\u00a0que existieran circunstancias previas que hicieran presumir que en ese auto hab\u00eda elementos \u00fatiles para una investigaci\u00f3n o sin que mediara presunci\u00f3n de que tales objetos proven\u00edan de un delito o que iban a ser usados\u00a0para cometer un il\u00edcito\u201d.<\/p>\n<p>En relaci\u00f3n al segundo hecho, Mai sostuvo que \u201cfue cometido el s\u00e1bado 28 de diciembre de 2019, oportunidad en la que \u2013tambi\u00e9n en el ejercicio de sus funciones\u2013 Blanco revel\u00f3 informaci\u00f3n secreta y no cumpli\u00f3 la obligaci\u00f3n de todo fiscal de mantener reserva acerca de una investigaci\u00f3n en curso\u201d. Asimismo, a\u00f1adi\u00f3 que \u201cdesde el lugar en el que estaba haciendo un allanamiento, llam\u00f3 a una persona\u00a0de su entorno\u00a0\u2013a quien la Justicia\u00a0Federal investiga por la venta de estupefacientes\u2013 y le dio la informaci\u00f3n\u00a0acerca de lo que estaba ocurriendo\u201d.<\/p>\n<p>Por \u00faltimo, Mai\u00a0detall\u00f3 que \u201cel tercer hecho tambi\u00e9n fue cometido el 28 de diciembre, alrededor de las 13:30\u201d. Indic\u00f3 que \u201crevistiendo su cargo de fiscal, realiz\u00f3 un allanamiento ilegal de una vivienda\u201d y agreg\u00f3 que \u201c\u00e9l mismo\u00a0ingres\u00f3 a un\u00a0inmueble sin cumplir\u00a0las formalidades prescriptas por el C\u00f3digo Procesal Penal de la\u00a0provincia,\u00a0y\u00a0sin que conste la autorizaci\u00f3n libre y previamente expresada por quien tenga derecho a oponerse al allanamiento efectuado\u201d.<\/p>\n","protected":false},"excerpt":{"rendered":"<p>Se le impuso una pena de tres a\u00f1os de prisi\u00f3n efectiva, inhabilitaci\u00f3n para ocupar cargos p\u00fablicos por seis a\u00f1os y el pago de 400 mil pesos en concepto de costas procesales. La sentencia fue resuelta por la autor\u00eda de los delitos de incumplimiento de los deberes de funcionario p\u00fablico, revelaci\u00f3n de informaci\u00f3n secreta y allanamiento [&hellip;]<\/p>\n","protected":false},"author":3,"featured_media":26947,"comment_status":"open","ping_status":"open","sticky":false,"template":"","format":"standard","meta":{"_joinchat":[],"footnotes":""},"categories":[60],"tags":[],"class_list":{"0":"post-26945","1":"post","2":"type-post","3":"status-publish","4":"format-standard","5":"has-post-thumbnail","7":"category-provinciales"},"_links":{"self":[{"href":"https:\/\/infovera.com.ar\/web\/wp-json\/wp\/v2\/posts\/26945","targetHints":{"allow":["GET"]}}],"collection":[{"href":"https:\/\/infovera.com.ar\/web\/wp-json\/wp\/v2\/posts"}],"about":[{"href":"https:\/\/infovera.com.ar\/web\/wp-json\/wp\/v2\/types\/post"}],"author":[{"embeddable":true,"href":"https:\/\/infovera.com.ar\/web\/wp-json\/wp\/v2\/users\/3"}],"replies":[{"embeddable":true,"href":"https:\/\/infovera.com.ar\/web\/wp-json\/wp\/v2\/comments?post=26945"}],"version-history":[{"count":0,"href":"https:\/\/infovera.com.ar\/web\/wp-json\/wp\/v2\/posts\/26945\/revisions"}],"wp:featuredmedia":[{"embeddable":true,"href":"https:\/\/infovera.com.ar\/web\/wp-json\/wp\/v2\/media\/26947"}],"wp:attachment":[{"href":"https:\/\/infovera.com.ar\/web\/wp-json\/wp\/v2\/media?parent=26945"}],"wp:term":[{"taxonomy":"category","embeddable":true,"href":"https:\/\/infovera.com.ar\/web\/wp-json\/wp\/v2\/categories?post=26945"},{"taxonomy":"post_tag","embeddable":true,"href":"https:\/\/infovera.com.ar\/web\/wp-json\/wp\/v2\/tags?post=26945"}],"curies":[{"name":"wp","href":"https:\/\/api.w.org\/{rel}","templated":true}]}}