{"id":26898,"date":"2021-09-15T16:19:33","date_gmt":"2021-09-15T19:19:33","guid":{"rendered":"https:\/\/infovera.com.ar\/web\/?p=26898"},"modified":"2021-09-17T11:53:46","modified_gmt":"2021-09-17T14:53:46","slug":"accidente-en-la-ruta-86-jurisdiccion-de-margarita","status":"publish","type":"post","link":"https:\/\/infovera.com.ar\/web\/2021\/09\/15\/accidente-en-la-ruta-86-jurisdiccion-de-margarita\/","title":{"rendered":"Accidente en la Ruta 86, jurisdicci\u00f3n de Margarita"},"content":{"rendered":"<p><strong>En la Ruta 86 S, 11 km al este de Margarita, una mujer de 30 a\u00f1os perdi\u00f3 el control de su Fiat 147 ocasionando el vuelco del mismo, sin intervenci\u00f3n de terceros. <\/strong><\/p>\n<p>Examinada la mujer en el Hospital local, posteriormente fue trasladada al hospital de Vera para la continuaci\u00f3n de su tratamiento.<\/p>\n<p><img loading=\"lazy\" decoding=\"async\" class=\" wp-image-22351 aligncenter\" src=\"https:\/\/infovera.com.ar\/web\/wp-content\/uploads\/2021\/06\/ACOSTA-3-300x54.jpg\" alt=\"\" width=\"772\" height=\"139\" srcset=\"https:\/\/infovera.com.ar\/web\/wp-content\/uploads\/2021\/06\/ACOSTA-3-300x54.jpg 300w, https:\/\/infovera.com.ar\/web\/wp-content\/uploads\/2021\/06\/ACOSTA-3.jpg 670w\" sizes=\"auto, (max-width: 772px) 100vw, 772px\" \/><\/p>\n","protected":false},"excerpt":{"rendered":"<p>En la Ruta 86 S, 11 km al este de Margarita, una mujer de 30 a\u00f1os perdi\u00f3 el control de su Fiat 147 ocasionando el vuelco del mismo, sin intervenci\u00f3n de terceros. Examinada la mujer en el Hospital local, posteriormente fue trasladada al hospital de Vera para la continuaci\u00f3n de su tratamiento.<\/p>\n","protected":false},"author":3,"featured_media":26900,"comment_status":"open","ping_status":"open","sticky":false,"template":"","format":"standard","meta":{"_joinchat":[],"footnotes":""},"categories":[54,30],"tags":[],"class_list":{"0":"post-26898","1":"post","2":"type-post","3":"status-publish","4":"format-standard","5":"has-post-thumbnail","7":"category-margarita","8":"category-policiales"},"_links":{"self":[{"href":"https:\/\/infovera.com.ar\/web\/wp-json\/wp\/v2\/posts\/26898","targetHints":{"allow":["GET"]}}],"collection":[{"href":"https:\/\/infovera.com.ar\/web\/wp-json\/wp\/v2\/posts"}],"about":[{"href":"https:\/\/infovera.com.ar\/web\/wp-json\/wp\/v2\/types\/post"}],"author":[{"embeddable":true,"href":"https:\/\/infovera.com.ar\/web\/wp-json\/wp\/v2\/users\/3"}],"replies":[{"embeddable":true,"href":"https:\/\/infovera.com.ar\/web\/wp-json\/wp\/v2\/comments?post=26898"}],"version-history":[{"count":0,"href":"https:\/\/infovera.com.ar\/web\/wp-json\/wp\/v2\/posts\/26898\/revisions"}],"wp:featuredmedia":[{"embeddable":true,"href":"https:\/\/infovera.com.ar\/web\/wp-json\/wp\/v2\/media\/26900"}],"wp:attachment":[{"href":"https:\/\/infovera.com.ar\/web\/wp-json\/wp\/v2\/media?parent=26898"}],"wp:term":[{"taxonomy":"category","embeddable":true,"href":"https:\/\/infovera.com.ar\/web\/wp-json\/wp\/v2\/categories?post=26898"},{"taxonomy":"post_tag","embeddable":true,"href":"https:\/\/infovera.com.ar\/web\/wp-json\/wp\/v2\/tags?post=26898"}],"curies":[{"name":"wp","href":"https:\/\/api.w.org\/{rel}","templated":true}]}}