{"id":26783,"date":"2021-09-13T10:39:27","date_gmt":"2021-09-13T13:39:27","guid":{"rendered":"https:\/\/infovera.com.ar\/web\/?p=26783"},"modified":"2021-09-13T10:39:27","modified_gmt":"2021-09-13T13:39:27","slug":"fernando-nicola-se-despego-del-resto","status":"publish","type":"post","link":"https:\/\/infovera.com.ar\/web\/2021\/09\/13\/fernando-nicola-se-despego-del-resto\/","title":{"rendered":"Fernando Nicola se despeg\u00f3 del resto"},"content":{"rendered":"<p><strong>El actual presidente comunal de La Gallareta fue el m\u00e1s votado en las primarias con 704 votos y se perfila para la reelecci\u00f3n el cargo.<\/strong><\/p>\n<p>&#8220;Hoy un poco m\u00e1s tranquilo,quiero darles las gracias de coraz\u00f3n a todas y todos por el apoyo en el dia de ayer,que nos acompa\u00f1o con su voto,para que Gallareta siga en lo m\u00e1s alto. Felicito y agradezco a todo el grupo de la militancia que trabaja dia a dia para defender lo logrado,que ayer llevo adelante un gr\u00e1n trabajo. Reafirmo mi compromiso para seguir trabajando por nuestro querido pueblo. Una vez m\u00e1s,gracias comunidad y que Dios bendiga a cada uno de ustedes. Un cordial saludo&#8221;, expres\u00f3.<\/p>\n<table id=\"table\" class=\"table table-striped\" data-row-style=\"rowStyle\">\n<tbody>\n<tr class=\"active fila-partido table-mayuscula\" data-index=\"0\">\n<td><img loading=\"lazy\" decoding=\"async\" src=\"https:\/\/elecciones.santafe.gob.ar\/imagenes\/03082021091706.jpg\" width=\"50\" height=\"50\" \/><\/td>\n<td>FRENTE PROGRESISTA C\u00cdVICO Y SOCIAL<\/td>\n<td class=\"number\"><\/td>\n<td class=\"number\"><\/td>\n<\/tr>\n<tr class=\"fila-candidato-th\">\n<th>\n<div class=\"th-inner\">Logo<\/div>\n<div class=\"fht-cell\"><\/div>\n<\/th>\n<th>\n<div class=\"th-inner\">Candidato<\/div>\n<div class=\"fht-cell\"><\/div>\n<\/th>\n<th>\n<div class=\"th-inner\">Votos<\/div>\n<div class=\"fht-cell\"><\/div>\n<\/th>\n<th>\n<div class=\"th-inner\">Porcentaje<\/div>\n<div class=\"fht-cell\"><\/div>\n<\/th>\n<\/tr>\n<tr class=\"table-mayuscula candidato-lista celeste\" data-index=\"1\">\n<td><img loading=\"lazy\" decoding=\"async\" src=\"https:\/\/elecciones.santafe.gob.ar\/imagenes\/20210728054454_cand_5120_33109403.jpeg\" width=\"50\" height=\"50\" \/><\/td>\n<td>NICOLA JOSE FERNANDO<\/td>\n<td class=\"number\">704<\/td>\n<td class=\"number\">100,00%<\/td>\n<\/tr>\n<tr class=\"active fila-partido table-mayuscula\" data-index=\"2\">\n<td><img loading=\"lazy\" decoding=\"async\" src=\"https:\/\/elecciones.santafe.gob.ar\/imagenes\/03082021084635.jpg\" width=\"50\" height=\"50\" \/><\/td>\n<td>FRENTE DE TODOS<\/td>\n<td class=\"number\"><\/td>\n<td class=\"number\"><\/td>\n<\/tr>\n<tr class=\"fila-candidato-th\">\n<th>\n<div class=\"th-inner\">Logo<\/div>\n<div class=\"fht-cell\"><\/div>\n<\/th>\n<th>\n<div class=\"th-inner\">Candidato<\/div>\n<div class=\"fht-cell\"><\/div>\n<\/th>\n<th>\n<div class=\"th-inner\">Votos<\/div>\n<div class=\"fht-cell\"><\/div>\n<\/th>\n<th>\n<div class=\"th-inner\">Porcentaje<\/div>\n<div class=\"fht-cell\"><\/div>\n<\/th>\n<\/tr>\n<tr class=\"table-mayuscula candidato-lista celeste\" data-index=\"3\">\n<td><img loading=\"lazy\" decoding=\"async\" src=\"https:\/\/elecciones.santafe.gob.ar\/imagenes\/20210729043111_cand_12901_27001113.jpeg\" width=\"50\" height=\"50\" \/><\/td>\n<td>DIAZ HERNAN CRISTIAN<\/td>\n<td class=\"number\">486<\/td>\n<td class=\"number\">83,79%<\/td>\n<\/tr>\n<tr class=\"table-mayuscula candidato-lista blanco\" data-index=\"4\">\n<td><img loading=\"lazy\" decoding=\"async\" src=\"https:\/\/elecciones.santafe.gob.ar\/imagenes\/20210731025309_cand_14101_29874339.jpeg\" width=\"50\" height=\"50\" \/><\/td>\n<td>ACEVEDO JOSE GUILLERMO<\/td>\n<td class=\"number\">94<\/td>\n<td class=\"number\">16,21%<\/td>\n<\/tr>\n<tr class=\"active fila-partido table-mayuscula\" data-index=\"5\">\n<td><img loading=\"lazy\" decoding=\"async\" src=\"https:\/\/elecciones.santafe.gob.ar\/imagenes\/03082021182656.jpg\" width=\"50\" height=\"50\" \/><\/td>\n<td>MEJOR<\/td>\n<td class=\"number\"><\/td>\n<td class=\"number\"><\/td>\n<\/tr>\n<tr class=\"fila-candidato-th\">\n<th>\n<div class=\"th-inner\">Logo<\/div>\n<div class=\"fht-cell\"><\/div>\n<\/th>\n<th>\n<div class=\"th-inner\">Candidato<\/div>\n<div class=\"fht-cell\"><\/div>\n<\/th>\n<th>\n<div class=\"th-inner\">Votos<\/div>\n<div class=\"fht-cell\"><\/div>\n<\/th>\n<th>\n<div class=\"th-inner\">Porcentaje<\/div>\n<div class=\"fht-cell\"><\/div>\n<\/th>\n<\/tr>\n<tr class=\"table-mayuscula candidato-lista celeste\" data-index=\"6\">\n<td><img loading=\"lazy\" decoding=\"async\" src=\"https:\/\/elecciones.santafe.gob.ar\/imagenes\/20210802083058_cand_14282_29991788.jpeg\" width=\"50\" height=\"50\" \/><\/td>\n<td>FAISAL JORGE RAMON<\/td>\n<td class=\"number\">294<\/td>\n<td class=\"number\">100,00%<\/td>\n<\/tr>\n<\/tbody>\n<\/table>\n","protected":false},"excerpt":{"rendered":"<p>El actual presidente comunal de La Gallareta fue el m\u00e1s votado en las primarias con 704 votos y se perfila para la reelecci\u00f3n el cargo. &#8220;Hoy un poco m\u00e1s tranquilo,quiero darles las gracias de coraz\u00f3n a todas y todos por el apoyo en el dia de ayer,que nos acompa\u00f1o con su voto,para que Gallareta siga [&hellip;]<\/p>\n","protected":false},"author":3,"featured_media":26785,"comment_status":"open","ping_status":"open","sticky":false,"template":"","format":"standard","meta":{"_joinchat":[],"footnotes":""},"categories":[66],"tags":[],"class_list":{"0":"post-26783","1":"post","2":"type-post","3":"status-publish","4":"format-standard","5":"has-post-thumbnail","7":"category-politica"},"_links":{"self":[{"href":"https:\/\/infovera.com.ar\/web\/wp-json\/wp\/v2\/posts\/26783","targetHints":{"allow":["GET"]}}],"collection":[{"href":"https:\/\/infovera.com.ar\/web\/wp-json\/wp\/v2\/posts"}],"about":[{"href":"https:\/\/infovera.com.ar\/web\/wp-json\/wp\/v2\/types\/post"}],"author":[{"embeddable":true,"href":"https:\/\/infovera.com.ar\/web\/wp-json\/wp\/v2\/users\/3"}],"replies":[{"embeddable":true,"href":"https:\/\/infovera.com.ar\/web\/wp-json\/wp\/v2\/comments?post=26783"}],"version-history":[{"count":0,"href":"https:\/\/infovera.com.ar\/web\/wp-json\/wp\/v2\/posts\/26783\/revisions"}],"wp:featuredmedia":[{"embeddable":true,"href":"https:\/\/infovera.com.ar\/web\/wp-json\/wp\/v2\/media\/26785"}],"wp:attachment":[{"href":"https:\/\/infovera.com.ar\/web\/wp-json\/wp\/v2\/media?parent=26783"}],"wp:term":[{"taxonomy":"category","embeddable":true,"href":"https:\/\/infovera.com.ar\/web\/wp-json\/wp\/v2\/categories?post=26783"},{"taxonomy":"post_tag","embeddable":true,"href":"https:\/\/infovera.com.ar\/web\/wp-json\/wp\/v2\/tags?post=26783"}],"curies":[{"name":"wp","href":"https:\/\/api.w.org\/{rel}","templated":true}]}}