{"id":26779,"date":"2021-09-13T09:25:22","date_gmt":"2021-09-13T12:25:22","guid":{"rendered":"https:\/\/infovera.com.ar\/web\/?p=26779"},"modified":"2021-09-13T09:25:22","modified_gmt":"2021-09-13T12:25:22","slug":"misa-exequial-y-despedida-para-el-padre-nestor-vera","status":"publish","type":"post","link":"https:\/\/infovera.com.ar\/web\/2021\/09\/13\/misa-exequial-y-despedida-para-el-padre-nestor-vera\/","title":{"rendered":"Misa exequial y despedida para el Padre N\u00e9stor Vera"},"content":{"rendered":"<p><strong>La misa exequial y de despedida para el\u00a0 querido P. N\u00e9stor Vera fue oficiada a anoche por el obispo \u00c1ngel Jos\u00e9 Mac\u00edn en la Parroquia de Malabrigo.<\/strong><\/p>\n<p>Desde las 14, sus restos fueron colocados en el Templo Parroquial de Malabrigo,\u00a0 siempre respetando los protocolos sanitarios vigentes.<\/p>\n<p>A las 21, concluida la veda electoral, el obispo diocesano, \u00c1ngel Jos\u00e9 Mac\u00edn, presidi\u00f3 la Misa de cuerpo presente, para agradecer por su vida y ministerio y pedir por su eterno descanso.<\/p>\n<p>Luego, el Templo Parroquial permaneci\u00f3 abierto hasta las 24\u00a0 En horas de la ma\u00f1ana del lunes 13, ser\u00e1 trasladado al Cementerio de Avellaneda, donde recibir\u00e1 sepultura junto a sus familiares difuntos.<\/p>\n<p>El Obispado agradeci\u00f3 la vida entregada del P. N\u00e9stor Vera, a todos los que por estas horas manifiestan de diversas maneras su pesar, y confi\u00f3 su alma al Se\u00f1or, a la espera del reencuentro definitivo en la Casa del Padre.<\/p>\n","protected":false},"excerpt":{"rendered":"<p>La misa exequial y de despedida para el\u00a0 querido P. N\u00e9stor Vera fue oficiada a anoche por el obispo \u00c1ngel Jos\u00e9 Mac\u00edn en la Parroquia de Malabrigo. Desde las 14, sus restos fueron colocados en el Templo Parroquial de Malabrigo,\u00a0 siempre respetando los protocolos sanitarios vigentes. A las 21, concluida la veda electoral, el obispo [&hellip;]<\/p>\n","protected":false},"author":3,"featured_media":26781,"comment_status":"open","ping_status":"open","sticky":false,"template":"","format":"standard","meta":{"_joinchat":[],"footnotes":""},"categories":[55],"tags":[],"class_list":{"0":"post-26779","1":"post","2":"type-post","3":"status-publish","4":"format-standard","5":"has-post-thumbnail","7":"category-reconquista"},"_links":{"self":[{"href":"https:\/\/infovera.com.ar\/web\/wp-json\/wp\/v2\/posts\/26779","targetHints":{"allow":["GET"]}}],"collection":[{"href":"https:\/\/infovera.com.ar\/web\/wp-json\/wp\/v2\/posts"}],"about":[{"href":"https:\/\/infovera.com.ar\/web\/wp-json\/wp\/v2\/types\/post"}],"author":[{"embeddable":true,"href":"https:\/\/infovera.com.ar\/web\/wp-json\/wp\/v2\/users\/3"}],"replies":[{"embeddable":true,"href":"https:\/\/infovera.com.ar\/web\/wp-json\/wp\/v2\/comments?post=26779"}],"version-history":[{"count":0,"href":"https:\/\/infovera.com.ar\/web\/wp-json\/wp\/v2\/posts\/26779\/revisions"}],"wp:featuredmedia":[{"embeddable":true,"href":"https:\/\/infovera.com.ar\/web\/wp-json\/wp\/v2\/media\/26781"}],"wp:attachment":[{"href":"https:\/\/infovera.com.ar\/web\/wp-json\/wp\/v2\/media?parent=26779"}],"wp:term":[{"taxonomy":"category","embeddable":true,"href":"https:\/\/infovera.com.ar\/web\/wp-json\/wp\/v2\/categories?post=26779"},{"taxonomy":"post_tag","embeddable":true,"href":"https:\/\/infovera.com.ar\/web\/wp-json\/wp\/v2\/tags?post=26779"}],"curies":[{"name":"wp","href":"https:\/\/api.w.org\/{rel}","templated":true}]}}