{"id":26729,"date":"2021-09-13T09:13:33","date_gmt":"2021-09-13T12:13:33","guid":{"rendered":"https:\/\/infovera.com.ar\/web\/?p=26729"},"modified":"2021-09-13T09:13:33","modified_gmt":"2021-09-13T12:13:33","slug":"leonela-cena-arraso-en-la-interna-del-frente-de-todos-y-va-por-la-comuna-de-margarita","status":"publish","type":"post","link":"https:\/\/infovera.com.ar\/web\/2021\/09\/13\/leonela-cena-arraso-en-la-interna-del-frente-de-todos-y-va-por-la-comuna-de-margarita\/","title":{"rendered":"Leonela Cena arras\u00f3 en la interna del Frente de Todos y va por la Comuna de Margarita"},"content":{"rendered":"<p><strong>La joven dirigente Leonela Cena se impuso con contudencia a Pedro Alvarenga en la interna del PJ en Margarita.<\/strong><\/p>\n<p>Apadrinada por el intendente de Calchaqu\u00ed, Rub\u00e9n Cuello, y por el gobernador de la provincia, Omar Perotti, super\u00f3 el 75 % de los votos y releg\u00f3 al segundo lugar a Pedro Alvarenga, que era impulsado por el senador Sosa.<\/p>\n<p>Leonela triplic\u00f3 en votos a su contendiente de turno. La sumatoria de votos de los precanditatos del FdT ( 979 + 313) que se ubic\u00f3 en 1292, super\u00f3 a los 1125 sufragios conseguidos por el actual presidente comunal Ariel Bola\u00f1o.<\/p>\n<p>&#8220;Estamos muy contentos de los resultamos que logramos, anoche charlamos con Pedro Alvarenga, el Peronismo trabajando unido va a lograr recuperar la Comuna. Queremos que el pueblo y la gente crezcan, que lleguen oportunidades para todos&#8221;, dijo a InfoVera Leonela Cena.<\/p>\n","protected":false},"excerpt":{"rendered":"<p>La joven dirigente Leonela Cena se impuso con contudencia a Pedro Alvarenga en la interna del PJ en Margarita. Apadrinada por el intendente de Calchaqu\u00ed, Rub\u00e9n Cuello, y por el gobernador de la provincia, Omar Perotti, super\u00f3 el 75 % de los votos y releg\u00f3 al segundo lugar a Pedro Alvarenga, que era impulsado por [&hellip;]<\/p>\n","protected":false},"author":3,"featured_media":26777,"comment_status":"open","ping_status":"open","sticky":false,"template":"","format":"standard","meta":{"_joinchat":[],"footnotes":""},"categories":[66],"tags":[],"class_list":{"0":"post-26729","1":"post","2":"type-post","3":"status-publish","4":"format-standard","5":"has-post-thumbnail","7":"category-politica"},"_links":{"self":[{"href":"https:\/\/infovera.com.ar\/web\/wp-json\/wp\/v2\/posts\/26729","targetHints":{"allow":["GET"]}}],"collection":[{"href":"https:\/\/infovera.com.ar\/web\/wp-json\/wp\/v2\/posts"}],"about":[{"href":"https:\/\/infovera.com.ar\/web\/wp-json\/wp\/v2\/types\/post"}],"author":[{"embeddable":true,"href":"https:\/\/infovera.com.ar\/web\/wp-json\/wp\/v2\/users\/3"}],"replies":[{"embeddable":true,"href":"https:\/\/infovera.com.ar\/web\/wp-json\/wp\/v2\/comments?post=26729"}],"version-history":[{"count":0,"href":"https:\/\/infovera.com.ar\/web\/wp-json\/wp\/v2\/posts\/26729\/revisions"}],"wp:featuredmedia":[{"embeddable":true,"href":"https:\/\/infovera.com.ar\/web\/wp-json\/wp\/v2\/media\/26777"}],"wp:attachment":[{"href":"https:\/\/infovera.com.ar\/web\/wp-json\/wp\/v2\/media?parent=26729"}],"wp:term":[{"taxonomy":"category","embeddable":true,"href":"https:\/\/infovera.com.ar\/web\/wp-json\/wp\/v2\/categories?post=26729"},{"taxonomy":"post_tag","embeddable":true,"href":"https:\/\/infovera.com.ar\/web\/wp-json\/wp\/v2\/tags?post=26729"}],"curies":[{"name":"wp","href":"https:\/\/api.w.org\/{rel}","templated":true}]}}