{"id":26649,"date":"2021-09-12T10:10:32","date_gmt":"2021-09-12T13:10:32","guid":{"rendered":"https:\/\/infovera.com.ar\/web\/?p=26649"},"modified":"2021-09-12T10:10:32","modified_gmt":"2021-09-12T13:10:32","slug":"con-normalidad-se-vota-en-el-norte","status":"publish","type":"post","link":"https:\/\/infovera.com.ar\/web\/2021\/09\/12\/con-normalidad-se-vota-en-el-norte\/","title":{"rendered":"Con normalidad se vota en el norte"},"content":{"rendered":"<p><strong>Las mesas se conformaron sin inconvenientes. El clima primaveral favorece la afluencia de votantes. Dos ciudades eligen intendente.<\/strong><\/p>\n<p>Una ma\u00f1ana soleada con una brisa que sopla de direcciones variables es el marco ideal de esta jornada electoral en el norte santafesino, que registra alta concurrencia de votantes en las primeras horas del comicio.<\/p>\n<p>En Reconquista, la jornada electoral comenz\u00f3 a las 8 con la conformaci\u00f3n de la totalidad de las mesas habilitadas en la que los votantes se encontrar\u00e1n con las ofertas electorales nacionales y las locales. Para concejales, son 20 los precandidatos presentes en la boleta \u00fanica.<\/p>\n<p>A su vez, en la vecina Avellaneda 8 listas compiten en la categor\u00eda de legisladores municipales en estas Paso; mientras que en Malabrigo son 3 las n\u00f3minas para concejales presentes en el cuarto oscuro, en Villa Ocampo 9 f\u00f3rmulas van por una banca en el Concejo, y en Las Toscas un total de 7.<\/p>\n<p>En esta ciudad, estar\u00e1 centrada la atenci\u00f3n debido a que tambi\u00e9n se elige qui\u00e9n pasar\u00e1 a la general de noviembre para ir por la intendencia entre cuatro precandidatos, dos por el Frente Progresista y dos por el Frente de Todos, entre los que se cuentan el actual mandatario Leandro Chamorro, que va por la reelecci\u00f3n en el cargo, y el ex intendente Dar\u00edo Vega, que pugna por volver a gobernar la ciudad norte\u00f1a.<\/p>\n<p>Lo propio ocurre en Florencia, una de las nuevas ciudades de la provincia, que dirimir\u00e1 en esta primaria a los candidatos a la intendencia &#8211; en una boleta \u00fanica con 5 precandidatos donde se destaca el actual mandatario Rub\u00e9n Qua\u00edn, que aspira a repetir el puesto &#8211; y la integraci\u00f3n definitiva de las listas de concejales, que para esta cita electoral se nutre de 8 listas oficializadas.<\/p>\n<p><strong>Vera<\/strong><\/p>\n<p>Por otra parte, en el departamento Vera son 46 las listas en condiciones de contender para concejales y comisiones comunales este 12 de septiembre. Se destaca que, en Vera, la cabecera, se inscribieron 11 listas que aspiran a lograr alguno de las tres bancas que se renuevan en el Concejo Municipal. Por otra parte, la novedad es que en Toba y Los T\u00e1banos no habr\u00e1 PASO, puesto que en ambos distritos solo se anot\u00f3 una sola lista: del Frente Progresista y del Frente de Todos, respectivamente.<\/p>\n","protected":false},"excerpt":{"rendered":"<p>Las mesas se conformaron sin inconvenientes. El clima primaveral favorece la afluencia de votantes. Dos ciudades eligen intendente. Una ma\u00f1ana soleada con una brisa que sopla de direcciones variables es el marco ideal de esta jornada electoral en el norte santafesino, que registra alta concurrencia de votantes en las primeras horas del comicio. En Reconquista, [&hellip;]<\/p>\n","protected":false},"author":3,"featured_media":26651,"comment_status":"open","ping_status":"open","sticky":false,"template":"","format":"standard","meta":{"_joinchat":[],"footnotes":""},"categories":[56],"tags":[],"class_list":{"0":"post-26649","1":"post","2":"type-post","3":"status-publish","4":"format-standard","5":"has-post-thumbnail","7":"category-destacados"},"_links":{"self":[{"href":"https:\/\/infovera.com.ar\/web\/wp-json\/wp\/v2\/posts\/26649","targetHints":{"allow":["GET"]}}],"collection":[{"href":"https:\/\/infovera.com.ar\/web\/wp-json\/wp\/v2\/posts"}],"about":[{"href":"https:\/\/infovera.com.ar\/web\/wp-json\/wp\/v2\/types\/post"}],"author":[{"embeddable":true,"href":"https:\/\/infovera.com.ar\/web\/wp-json\/wp\/v2\/users\/3"}],"replies":[{"embeddable":true,"href":"https:\/\/infovera.com.ar\/web\/wp-json\/wp\/v2\/comments?post=26649"}],"version-history":[{"count":0,"href":"https:\/\/infovera.com.ar\/web\/wp-json\/wp\/v2\/posts\/26649\/revisions"}],"wp:featuredmedia":[{"embeddable":true,"href":"https:\/\/infovera.com.ar\/web\/wp-json\/wp\/v2\/media\/26651"}],"wp:attachment":[{"href":"https:\/\/infovera.com.ar\/web\/wp-json\/wp\/v2\/media?parent=26649"}],"wp:term":[{"taxonomy":"category","embeddable":true,"href":"https:\/\/infovera.com.ar\/web\/wp-json\/wp\/v2\/categories?post=26649"},{"taxonomy":"post_tag","embeddable":true,"href":"https:\/\/infovera.com.ar\/web\/wp-json\/wp\/v2\/tags?post=26649"}],"curies":[{"name":"wp","href":"https:\/\/api.w.org\/{rel}","templated":true}]}}