{"id":26623,"date":"2021-09-11T17:20:19","date_gmt":"2021-09-11T20:20:19","guid":{"rendered":"https:\/\/infovera.com.ar\/web\/?p=26623"},"modified":"2021-09-11T17:20:19","modified_gmt":"2021-09-11T20:20:19","slug":"la-srv-organizo-una-jornada-y-recordo-a-mario-saliva","status":"publish","type":"post","link":"https:\/\/infovera.com.ar\/web\/2021\/09\/11\/la-srv-organizo-una-jornada-y-recordo-a-mario-saliva\/","title":{"rendered":"La SRV organiz\u00f3 una jornada y record\u00f3 a Mario Saliva"},"content":{"rendered":"<p><strong>Debido a la imposibilidad de realizar su tradicional muestra anual, la Sociedad Rural de Vera opt\u00f3 por organizar una jornada de charlas referidas a temas espec\u00edficos de la regi\u00f3n.<\/strong><\/p>\n<p>La apertura de la actividad estuvo a cargo del presidente de la entidad, Eduardo Moral, quien dedic\u00f3 sus primeras palabras al Dr. Mario Saliva, recientemente fallecido por Covid,\u00a0 y a quien todos reconocieron como \u201cun dirigente con una sobrada capacidad para abordar la problem\u00e1tica del sector, cuya proyecci\u00f3n excedi\u00f3 los l\u00edmites institucionales y hace que hoy se sienta su ausencia\u201d.<\/p>\n<p>\u201cMario ha sido nervio y motor, con una capacidad y mesura que hoy m\u00e1s que nunca necesitamos y vamos a extra\u00f1ar por siempre\u201d, dijo Moral.<\/p>\n<p>Las disertaciones estuvieron a cargo del ingeniero agr\u00f3nomo Emanuel Romagnoni sobre \u201cEstrategias de alimentaci\u00f3n en recr\u00eda de vaquillonas para la Cu\u00f1a Boscosa Santafesina\u201d; seguidamente el ingeniero agr\u00f3nomo Mario Bas\u00e1n Nickisch, de la Estaci\u00f3n Experimental INTA Reconquista, expuso sobre \u201cAguadas para ganader\u00eda en la Cu\u00f1a Boscosa, pron\u00f3stico del tiempo\u00a0 a corto y mediano plazo\u201d, finalizando el agrimensor Luis Recalde, quien se refiri\u00f3 a los \u201cDesaf\u00edos y oportunidades en los Bajos Submeridionales\u201d.<\/p>\n<p>La asistencia colm\u00f3 las expectativas debido al inter\u00e9s despertado entre los productores de la regi\u00f3n que agradecieron la convocatoria.<\/p>\n<p>A la hora de las conclusiones presidente de la SRV, Eduardo Moral, invit\u00f3 a los presentes a realizar -aprovechando las condiciones favorables del clima- una visita a la zona de los Bajos Submeridionales con el fin de conocer en el terreno el estado en que se encuentran los canales, como as\u00ed tambi\u00e9n el \u00e1rea afectada por las obras licitadas por el gobierno provincial, fijando como fecha tentativa el pr\u00f3ximo viernes 17 de setiembre.<\/p>\n<p>Letyana Pres<\/p>\n","protected":false},"excerpt":{"rendered":"<p>Debido a la imposibilidad de realizar su tradicional muestra anual, la Sociedad Rural de Vera opt\u00f3 por organizar una jornada de charlas referidas a temas espec\u00edficos de la regi\u00f3n. La apertura de la actividad estuvo a cargo del presidente de la entidad, Eduardo Moral, quien dedic\u00f3 sus primeras palabras al Dr. Mario Saliva, recientemente fallecido [&hellip;]<\/p>\n","protected":false},"author":3,"featured_media":26625,"comment_status":"open","ping_status":"open","sticky":false,"template":"","format":"standard","meta":{"_joinchat":[],"footnotes":""},"categories":[56],"tags":[],"class_list":{"0":"post-26623","1":"post","2":"type-post","3":"status-publish","4":"format-standard","5":"has-post-thumbnail","7":"category-destacados"},"_links":{"self":[{"href":"https:\/\/infovera.com.ar\/web\/wp-json\/wp\/v2\/posts\/26623","targetHints":{"allow":["GET"]}}],"collection":[{"href":"https:\/\/infovera.com.ar\/web\/wp-json\/wp\/v2\/posts"}],"about":[{"href":"https:\/\/infovera.com.ar\/web\/wp-json\/wp\/v2\/types\/post"}],"author":[{"embeddable":true,"href":"https:\/\/infovera.com.ar\/web\/wp-json\/wp\/v2\/users\/3"}],"replies":[{"embeddable":true,"href":"https:\/\/infovera.com.ar\/web\/wp-json\/wp\/v2\/comments?post=26623"}],"version-history":[{"count":0,"href":"https:\/\/infovera.com.ar\/web\/wp-json\/wp\/v2\/posts\/26623\/revisions"}],"wp:featuredmedia":[{"embeddable":true,"href":"https:\/\/infovera.com.ar\/web\/wp-json\/wp\/v2\/media\/26625"}],"wp:attachment":[{"href":"https:\/\/infovera.com.ar\/web\/wp-json\/wp\/v2\/media?parent=26623"}],"wp:term":[{"taxonomy":"category","embeddable":true,"href":"https:\/\/infovera.com.ar\/web\/wp-json\/wp\/v2\/categories?post=26623"},{"taxonomy":"post_tag","embeddable":true,"href":"https:\/\/infovera.com.ar\/web\/wp-json\/wp\/v2\/tags?post=26623"}],"curies":[{"name":"wp","href":"https:\/\/api.w.org\/{rel}","templated":true}]}}