{"id":26525,"date":"2021-09-09T11:02:14","date_gmt":"2021-09-09T14:02:14","guid":{"rendered":"https:\/\/infovera.com.ar\/web\/?p=26525"},"modified":"2021-09-10T14:08:36","modified_gmt":"2021-09-10T17:08:36","slug":"adjudicaron-la-obra-de-acceso-ripiado-a-el-cristal-y-es-inminente-el-comienzo-de-los-trabajos","status":"publish","type":"post","link":"https:\/\/infovera.com.ar\/web\/2021\/09\/09\/adjudicaron-la-obra-de-acceso-ripiado-a-el-cristal-y-es-inminente-el-comienzo-de-los-trabajos\/","title":{"rendered":"Adjudicaron la obra de acceso ripiado a El Cristal y es inminente el comienzo de los trabajos"},"content":{"rendered":"<p><strong>El intendente Rub\u00e9n Cuello anunci\u00f3 hoy que la obra de ripiado de camino de acceso a complejo Laguna El Cristal fue adjudicada a la empresa R\u00edo Salado por parte del gobierno provincial.<\/strong><\/p>\n<p>Luego del llamado a licitaci\u00f3n y de la apertura de sobres con ofertas, solo faltaba adjudicar los trabajos que cuentan con un presupuesto varias millonario.<\/p>\n<p>Con este paso, es inminente la puesta en marcha de las tareas que incluyen el estabilizado granular del acceso a la Laguna El.Cristal y la.readecuacion y construcci\u00f3n de alcantarillas y puentes.<\/p>\n<p>El plazo de ejecuci\u00f3n de los 22 kil\u00f3metros de ripo es de 12 meses calendario.<\/p>\n<p>El.intendente Cuello destac\u00f3 especialmente que hacer realidad este proyecto &#8220;es fruto del trabajo conjunto con el gobernador Omar Perotti&#8221;.<\/p>\n","protected":false},"excerpt":{"rendered":"<p>El intendente Rub\u00e9n Cuello anunci\u00f3 hoy que la obra de ripiado de camino de acceso a complejo Laguna El Cristal fue adjudicada a la empresa R\u00edo Salado por parte del gobierno provincial. Luego del llamado a licitaci\u00f3n y de la apertura de sobres con ofertas, solo faltaba adjudicar los trabajos que cuentan con un presupuesto [&hellip;]<\/p>\n","protected":false},"author":3,"featured_media":22913,"comment_status":"open","ping_status":"open","sticky":false,"template":"","format":"standard","meta":{"_joinchat":[],"footnotes":""},"categories":[52],"tags":[],"class_list":{"0":"post-26525","1":"post","2":"type-post","3":"status-publish","4":"format-standard","5":"has-post-thumbnail","7":"category-calchaqui"},"_links":{"self":[{"href":"https:\/\/infovera.com.ar\/web\/wp-json\/wp\/v2\/posts\/26525","targetHints":{"allow":["GET"]}}],"collection":[{"href":"https:\/\/infovera.com.ar\/web\/wp-json\/wp\/v2\/posts"}],"about":[{"href":"https:\/\/infovera.com.ar\/web\/wp-json\/wp\/v2\/types\/post"}],"author":[{"embeddable":true,"href":"https:\/\/infovera.com.ar\/web\/wp-json\/wp\/v2\/users\/3"}],"replies":[{"embeddable":true,"href":"https:\/\/infovera.com.ar\/web\/wp-json\/wp\/v2\/comments?post=26525"}],"version-history":[{"count":0,"href":"https:\/\/infovera.com.ar\/web\/wp-json\/wp\/v2\/posts\/26525\/revisions"}],"wp:featuredmedia":[{"embeddable":true,"href":"https:\/\/infovera.com.ar\/web\/wp-json\/wp\/v2\/media\/22913"}],"wp:attachment":[{"href":"https:\/\/infovera.com.ar\/web\/wp-json\/wp\/v2\/media?parent=26525"}],"wp:term":[{"taxonomy":"category","embeddable":true,"href":"https:\/\/infovera.com.ar\/web\/wp-json\/wp\/v2\/categories?post=26525"},{"taxonomy":"post_tag","embeddable":true,"href":"https:\/\/infovera.com.ar\/web\/wp-json\/wp\/v2\/tags?post=26525"}],"curies":[{"name":"wp","href":"https:\/\/api.w.org\/{rel}","templated":true}]}}