{"id":26521,"date":"2021-09-08T20:48:13","date_gmt":"2021-09-08T23:48:13","guid":{"rendered":"https:\/\/infovera.com.ar\/web\/?p=26521"},"modified":"2021-09-08T20:48:13","modified_gmt":"2021-09-08T23:48:13","slug":"la-lista-celeste-y-blanca-de-perotti-cerro-su-campana-para-las-paso","status":"publish","type":"post","link":"https:\/\/infovera.com.ar\/web\/2021\/09\/08\/la-lista-celeste-y-blanca-de-perotti-cerro-su-campana-para-las-paso\/","title":{"rendered":"La lista Celeste y Blanca de Perotti cerr\u00f3 su campa\u00f1a para las PASO"},"content":{"rendered":"<p>Con el mensaje de cierre del Gobernador Omar Perotti y el precandidato a senador Marcelo Lewandowski, desde Rosario, la lista Celeste y Blanca del Frente de Todos cerr\u00f3 la campa\u00f1a para las PASO de este domingo 12 de septiembre con un acto en el Camping ATSA en la localidad de Sauce Viejo.<\/p>\n<p>&nbsp;<\/p>\n<p>La vicepresidente Cristina Fern\u00e1ndez envi\u00f3 un mensaje grabado con su respaldo a la lista. Asimismo, se emitieron los respaldos del ministro del Interior, Eduardo De Pedro, y del ministro de Turismo, Mat\u00edas Lammens.<\/p>\n<p>&nbsp;<\/p>\n<p>Junto al gobernador Perotti, en Rosario, estuvo Marcelo Lewandowski, precandidato al Senado de la Naci\u00f3n. Mientras que su compa\u00f1era para la c\u00e1mara alta Mar\u00eda de los \u00c1ngeles Sacn\u00fan y Roberto Mirabella, Magal\u00ed Mastaler y Marcos Castell\u00f3 de la n\u00f3mina para Diputados encabezaron el evento central que se desarroll\u00f3 en Sauce Viejo.<\/p>\n<p>&nbsp;<\/p>\n<p>En forma remota, participaron tambi\u00e9n los precandidatos Roly Santacroce, Stella Maris Clerici, Mar\u00eda Haydee Maggio y Diego Mansilla. Tambi\u00e9n estuvieron por videoconferencia autoridades nacionales y provinciales, municipales, comunales y miles de militantes de los 19 departamentos de la Provincia. En tanto, el funcionario provincial Alejandro Grandinetti estuvo a cargo de la locuci\u00f3n del evento.<\/p>\n<p>&nbsp;<\/p>\n<p>OMAR PEROTTI Y MARCELO LEWANDOWSKI<\/p>\n<p>&nbsp;<\/p>\n<p>El *gobernador Omar Perotti* afirm\u00f3 que &#8220;nunca m\u00e1s una provincia a espaldas de la Naci\u00f3n&#8221;. &#8220;Este es nuestro proyecto nacional y es donde estamos trabajando coordinadamente con nuestro Presidente, con nuestra vicepresidenta, con cada uno de los ministros y con mucha gesti\u00f3n. nuestro equipo sabe que todas las semanas tiene que estar vinculado, tiene que estar gestionando y tenemos el mayor nivel de respuesta&#8221;, sostuvo el mandatario provincial quien adem\u00e1s remarc\u00f3 el acompa\u00f1amiento del gobierno nacional ante la coyuntura sanitaria por la Pandemia y destac\u00f3 el anuncio del refuerzo de fuerzas federales destinados a Rosario: &#8220;Es all\u00ed donde tenemos pleno convencimiento de lo que dijo el Presidente en nuestra ciudad. No vamos a permitir que esto pase en la Argentina. Y eso es el compromiso que los santafesinos llevamos adelante&#8221;.<\/p>\n<p>&nbsp;<\/p>\n<p>En ese marco, sostuvo: &#8220;Algunos hechos algunos quieren poner miedo, que se retrocedan con una decisi\u00f3n firme tomada. La tranquilidad a todos y cada uno de los santafesinos y santafesinos y rosarinos y rosarinas. No hay vuelta atr\u00e1s. Este gobierno ha tomado la firme decisi\u00f3n de cortar los v\u00ednculos con el delito, de generar una fuerza nueva con nuestra instituci\u00f3n policial que busca reconciliarse con nuestra sociedad&#8221;.<\/p>\n<p>&nbsp;<\/p>\n<p>Adem\u00e1s, subray\u00f3 que &#8220;lo que muchos quisieron minimizar, lo que muchos quisieron ocultar durante a\u00f1os, existe. Es una realidad. Nosotros no barremos debajo de la alfombra. Lo que a\u00f1o tras a\u00f1o se fue acumulando como una bola de nieve tomamos la decisi\u00f3n de empezar a enfrentarlo. Y lo vamos desinflando&#8221;<\/p>\n<p>&nbsp;<\/p>\n<p>Por otro lado, Perotti manifest\u00f3 que &#8220;no me cabe duda que Marcelo, Maril\u00edn y Roberto, Magal\u00ed, ser\u00e1n parte de ese gran equipo que estar\u00e1 codo a codo con las necesidades de nuestra Provincia&#8221; y destac\u00f3 la importancia de &#8220;contar con Marcelo Lewandowski, una persona \u00edntegra, de valores, un buen tipo, alguien que va a representarnos junto a Maril\u00edn en el Senado&#8221;. Tambi\u00e9n se\u00f1al\u00f3 que &#8220;Maril\u00edn y Roberto han sido dos puntales de nuestra gesti\u00f3n en esta relaci\u00f3n armoniosa, en este v\u00ednculo de Provincia con Naci\u00f3n, en cada gesti\u00f3n que necesit\u00f3 la Provincia&#8221;.<\/p>\n<p>&nbsp;<\/p>\n<p>Asimismo, manifest\u00f3 que &#8220;se que hay muchos pueden estar dudando a quien votar o si van a ir a votar o no. A todos ustedes les digo que nos acompa\u00f1en a construir una provincia de producci\u00f3n y empleo, que acepte las diferencias pero no las desigualdades, donde vos te sientas parte, donde cuidemos y alentemos a nuestros j\u00f3venes, donde cuidemos el talento, apuntalando cada uno de nuestros sectores. Por eso pedimos que tu voto lo sumes a este proyecto, con la fuerza de tu voto tambi\u00e9n aseguramos poner de pie a esta Provincia&#8221;. &#8220;Vamos a ser el coraz\u00f3n productivo de la argentina con el acompa\u00f1amiento de cada uno de ustedes&#8221;, enfatiz\u00f3.<\/p>\n<p>&nbsp;<\/p>\n<p>A su turno, *Marcelo Lewandowski* sostuvo que &#8220;a lo largo de esta campa\u00f1a hemos hablado de lo que tenemos, de lo que hacemos y lo que pensamos. Nuestros santafesinos y santafesinas est\u00e1n esperando que les digamos c\u00f3mo salimos de esto. Y nosotros tenemos mucho para mostrar, vamos por la provincia y caminamos con una mochila liviana porque las cosas que prometimos se van cumpliendo&#8221;.<\/p>\n<p>&nbsp;<\/p>\n<p>En ese sentido, destac\u00f3 que &#8220;uno recorre la Provincia y ve obras en ciudades y pueblos peque\u00f1os&#8221; y que &#8220;se est\u00e1n presentando licitaciones de puentes, de escuelas, de jardines de infantes, de servicios de salud que hoy se convierten en SAMCO. Se ve inversi\u00f3n en sectores olvidados donde antes los productores ten\u00edan que salir los d\u00edas de lluvia tirados por un tractor hoy hay ripio para ayudarlos a sacar su producci\u00f3n y conectarla con el pavimento m\u00e1s cercano&#8221;. &#8220;Y uno recorre y ve las obras de infraestructura de Naci\u00f3n, de autopista, gasoductos, acueductos se van haciendo y con Pandemia de por medio. Y empezamos a pensar en turismo&#8221;, a\u00f1adi\u00f3 al respecto.<\/p>\n<p>&nbsp;<\/p>\n<p>En otro tramo de su exposici\u00f3n, Lewandowski manifest\u00f3 que &#8220;estamos ante situaci\u00f3n muy complicada con la seguridad&#8221;. &#8220;Algunos nos dicen lo que hay que hacer, cuando ocuparon lugares hasta ayer. Este gobierno no tranza. El que quiere tener un v\u00ednculo con el poder, se va. El dinero mal habido no tiene lugar. \u00bfSer\u00e1 por eso que hay sectores que se enojan tanto?<\/p>\n<p>Tengan un poco de dignidad y voten la ley de seguridad que fue presentada y ni siquiera la discutieron. Se les pidi\u00f3 la emergencia en seguridad y no la votaron&#8221;, expres\u00f3.<\/p>\n<p>&nbsp;<\/p>\n<p>ROBERTO MIRABELLA Y MARIL\u00cdN SACN\u00daN<\/p>\n<p>&nbsp;<\/p>\n<p>Durante el acto, *Roberto Mirabella* afirm\u00f3 que &#8220;ac\u00e1 est\u00e1 la fuerza del Peronismo&#8221; y remarc\u00f3 que &#8220;nosotros hemos dejado cuestiones personales para poder conformar una lista, todos juntos, en equipo, donde pongamos los intereses de Santa Fe y los intereses colectivos por encima de cualquier situaci\u00f3n personal, Convencidos, adem\u00e1s, de que podemos alcanzar objetivos de manera colectiva que individualmente nunca vamos a alcanzar&#8221;.<\/p>\n<p>&nbsp;<\/p>\n<p>Adem\u00e1s, enfatiz\u00f3 que &#8220;es un punto de inflexi\u00f3n para consolidar un modelo de gesti\u00f3n y un modelo pol\u00edtico&#8221; y expres\u00f3: &#8220;atravesamos momentos decisivos que nos quieren hacer temblar. Pero no lo van a lograr&#8221;. En ese sentido, afirm\u00f3: &#8220;apostamos por defender a Santa Fe y los intereses de Santa Fe en un proyecto nacional que incentiva el desarrollo de la industria nacional y el desarrollo del trabajo&#8221;.<\/p>\n<p>&nbsp;<\/p>\n<p>A su turno, *Mar\u00eda de los \u00c1ngeles Sacn\u00fan* asegur\u00f3 que &#8220;esta lista, la Celeste y Blanca se conform\u00f3 con el trabajo y el compromiso de nuestro Presidente, nuestra Vicepresidenta y nuestro Gobernador&#8221;. &#8220;Junto con Marcelo, Roberto, Magal\u00ed y Marcos y con todos los compa\u00f1eros y compa\u00f1eras vamos a enfrentar la adversidad que tenemos por delante. No enfrentar a ning\u00fan enemigo pol\u00edtico. Vamos a enfrentar los obst\u00e1culos. Vamos a afrontar las adversidades porque para eso est\u00e1 hecha la pol\u00edtica. Para enfrentar los obst\u00e1culos y para derrotarlos. A eso los convoco. Vamos por el triunfo de este 12 de septiembre y despu\u00e9s vamos por la victoria en noviembre donde le vamos a dar los legisladores y legisladoras que nuestro gobierno nacional necesita para profundizar la tarea y cumplir con el pacto electoral que tenemos con el pueblo argentino&#8221;, remarc\u00f3.<\/p>\n","protected":false},"excerpt":{"rendered":"<p>Con el mensaje de cierre del Gobernador Omar Perotti y el precandidato a senador Marcelo Lewandowski, desde Rosario, la lista Celeste y Blanca del Frente de Todos cerr\u00f3 la campa\u00f1a para las PASO de este domingo 12 de septiembre con un acto en el Camping ATSA en la localidad de Sauce Viejo. &nbsp; La vicepresidente [&hellip;]<\/p>\n","protected":false},"author":2,"featured_media":26523,"comment_status":"open","ping_status":"open","sticky":false,"template":"","format":"standard","meta":{"_joinchat":[],"footnotes":""},"categories":[66],"tags":[],"class_list":{"0":"post-26521","1":"post","2":"type-post","3":"status-publish","4":"format-standard","5":"has-post-thumbnail","7":"category-politica"},"_links":{"self":[{"href":"https:\/\/infovera.com.ar\/web\/wp-json\/wp\/v2\/posts\/26521","targetHints":{"allow":["GET"]}}],"collection":[{"href":"https:\/\/infovera.com.ar\/web\/wp-json\/wp\/v2\/posts"}],"about":[{"href":"https:\/\/infovera.com.ar\/web\/wp-json\/wp\/v2\/types\/post"}],"author":[{"embeddable":true,"href":"https:\/\/infovera.com.ar\/web\/wp-json\/wp\/v2\/users\/2"}],"replies":[{"embeddable":true,"href":"https:\/\/infovera.com.ar\/web\/wp-json\/wp\/v2\/comments?post=26521"}],"version-history":[{"count":0,"href":"https:\/\/infovera.com.ar\/web\/wp-json\/wp\/v2\/posts\/26521\/revisions"}],"wp:featuredmedia":[{"embeddable":true,"href":"https:\/\/infovera.com.ar\/web\/wp-json\/wp\/v2\/media\/26523"}],"wp:attachment":[{"href":"https:\/\/infovera.com.ar\/web\/wp-json\/wp\/v2\/media?parent=26521"}],"wp:term":[{"taxonomy":"category","embeddable":true,"href":"https:\/\/infovera.com.ar\/web\/wp-json\/wp\/v2\/categories?post=26521"},{"taxonomy":"post_tag","embeddable":true,"href":"https:\/\/infovera.com.ar\/web\/wp-json\/wp\/v2\/tags?post=26521"}],"curies":[{"name":"wp","href":"https:\/\/api.w.org\/{rel}","templated":true}]}}