{"id":26511,"date":"2021-09-08T12:27:19","date_gmt":"2021-09-08T15:27:19","guid":{"rendered":"https:\/\/infovera.com.ar\/web\/?p=26511"},"modified":"2021-09-08T12:27:19","modified_gmt":"2021-09-08T15:27:19","slug":"reconquista-la-aic-recupero-dos-motos-robadas","status":"publish","type":"post","link":"https:\/\/infovera.com.ar\/web\/2021\/09\/08\/reconquista-la-aic-recupero-dos-motos-robadas\/","title":{"rendered":"Reconquista: la AIC recuper\u00f3 dos motos robadas"},"content":{"rendered":"<p><strong>Producto del accionar de los Agentes de la AIC de la Regi\u00f3n 4 de Reconquista y con la colaboraci\u00f3n de la polic\u00eda local y la Polic\u00eda de Acci\u00f3n T\u00e1ctica (PAT), mediante labores de inspecci\u00f3n, control e informaci\u00f3n; se pudo secuestrar dos moto veh\u00edculos sustra\u00eddos con antelaci\u00f3n.<\/strong><\/p>\n<p>Uno de los damnificados denunci\u00f3 a las autoridades policiales la sustracci\u00f3n de su moto que se encontraba estacionada frente a su domicilio, mientras que el otro veh\u00edculo fuera sustra\u00eddo del interior de un garaje particular; ambos de la ciudad de Reconquista.<\/p>\n<p>Inmediatamente se realizaron trabajos de inteligencia criminal, cotejo de informaci\u00f3n, y diferentes rastrillajes para dar con las motos robadas.<\/p>\n<p>Dato: en unos de los controles de rutina, la PAT intercept\u00f3 a un joven de 20 a\u00f1os que transitaba en presunto estado de ebriedad y por intermedio de los inspectores de tr\u00e1nsito procedieron al secuestro de la motocicleta marca Yamaha Crypton de color azul y al traslado del conductor.<\/p>\n<p>Esta circunstancia motivo avanzar con la investigaci\u00f3n estableciendo los agentes de la AIC similitudes con el perfil de la persona que robara una moto d\u00edas atr\u00e1s.<\/p>\n<p>La Agencia de Investigaci\u00f3n Criminal dependiente del Ministerio de Seguridad, rastrillo la zona sobre la Ruta Nacional 11, en un espacio verde detr\u00e1s del Parque Industrial de Reconquista, lugar donde habita en estado de precariedad el Joven trasladado. All\u00ed se divis\u00f3 la motocicleta marca ZANELLA ZB, color negra. Asimismo en relaci\u00f3n a la Moto Yamaha retenida por los inspectores de tr\u00e1nsito, presentaba pedido de secuestro debido a la denuncia de su titular; por lo que fue secuestrada del Corral\u00f3n Municipal para continuar con las labores de rigor judicial.<\/p>\n<p>En la causa mencionada como Hurto y Hurto calificado, se inform\u00f3 a la autoridad competente, Dr. Sebast\u00edan Marichal, del MPA de la Regi\u00f3n 4ta.<\/p>\n<p>AIC Controles<\/p>\n<p>La Agencia de Investigaci\u00f3n Criminal informa que lleva a cabo diferentes controles de moto veh\u00edculos en la v\u00eda p\u00fablica y en talleres de reparaci\u00f3n y mantenimiento. El objetivo es aumentar acciones espec\u00edficas de control y seguridad; en consonancia con el trabajo profesional de los Agentes de investigaci\u00f3n criminal.<\/p>\n<p>En esta oportunidad se realizaron controles en la localidad de Las Toscas donde se pudieron verificar una gran cantidad de veh\u00edculos.<\/p>\n<p><img loading=\"lazy\" decoding=\"async\" class=\" wp-image-22351 aligncenter\" src=\"https:\/\/infovera.com.ar\/web\/wp-content\/uploads\/2021\/06\/ACOSTA-3-300x54.jpg\" alt=\"\" width=\"789\" height=\"142\" srcset=\"https:\/\/infovera.com.ar\/web\/wp-content\/uploads\/2021\/06\/ACOSTA-3-300x54.jpg 300w, https:\/\/infovera.com.ar\/web\/wp-content\/uploads\/2021\/06\/ACOSTA-3.jpg 670w\" sizes=\"auto, (max-width: 789px) 100vw, 789px\" \/><\/p>\n","protected":false},"excerpt":{"rendered":"<p>Producto del accionar de los Agentes de la AIC de la Regi\u00f3n 4 de Reconquista y con la colaboraci\u00f3n de la polic\u00eda local y la Polic\u00eda de Acci\u00f3n T\u00e1ctica (PAT), mediante labores de inspecci\u00f3n, control e informaci\u00f3n; se pudo secuestrar dos moto veh\u00edculos sustra\u00eddos con antelaci\u00f3n. Uno de los damnificados denunci\u00f3 a las autoridades policiales [&hellip;]<\/p>\n","protected":false},"author":3,"featured_media":26513,"comment_status":"open","ping_status":"open","sticky":false,"template":"","format":"standard","meta":{"_joinchat":[],"footnotes":""},"categories":[30,55],"tags":[],"class_list":{"0":"post-26511","1":"post","2":"type-post","3":"status-publish","4":"format-standard","5":"has-post-thumbnail","7":"category-policiales","8":"category-reconquista"},"_links":{"self":[{"href":"https:\/\/infovera.com.ar\/web\/wp-json\/wp\/v2\/posts\/26511","targetHints":{"allow":["GET"]}}],"collection":[{"href":"https:\/\/infovera.com.ar\/web\/wp-json\/wp\/v2\/posts"}],"about":[{"href":"https:\/\/infovera.com.ar\/web\/wp-json\/wp\/v2\/types\/post"}],"author":[{"embeddable":true,"href":"https:\/\/infovera.com.ar\/web\/wp-json\/wp\/v2\/users\/3"}],"replies":[{"embeddable":true,"href":"https:\/\/infovera.com.ar\/web\/wp-json\/wp\/v2\/comments?post=26511"}],"version-history":[{"count":0,"href":"https:\/\/infovera.com.ar\/web\/wp-json\/wp\/v2\/posts\/26511\/revisions"}],"wp:featuredmedia":[{"embeddable":true,"href":"https:\/\/infovera.com.ar\/web\/wp-json\/wp\/v2\/media\/26513"}],"wp:attachment":[{"href":"https:\/\/infovera.com.ar\/web\/wp-json\/wp\/v2\/media?parent=26511"}],"wp:term":[{"taxonomy":"category","embeddable":true,"href":"https:\/\/infovera.com.ar\/web\/wp-json\/wp\/v2\/categories?post=26511"},{"taxonomy":"post_tag","embeddable":true,"href":"https:\/\/infovera.com.ar\/web\/wp-json\/wp\/v2\/tags?post=26511"}],"curies":[{"name":"wp","href":"https:\/\/api.w.org\/{rel}","templated":true}]}}