{"id":26507,"date":"2021-09-08T12:25:01","date_gmt":"2021-09-08T15:25:01","guid":{"rendered":"https:\/\/infovera.com.ar\/web\/?p=26507"},"modified":"2021-09-08T12:25:01","modified_gmt":"2021-09-08T15:25:01","slug":"comunicacion-y-redes-sociales-para-emprendedores","status":"publish","type":"post","link":"https:\/\/infovera.com.ar\/web\/2021\/09\/08\/comunicacion-y-redes-sociales-para-emprendedores\/","title":{"rendered":"Comunicaci\u00f3n y redes sociales para emprendedores"},"content":{"rendered":"<p><strong>En el marco del programa Santa Fe Capacita, comenz\u00f3 el curso virtual y gratuito \u201cComunicaci\u00f3n y Redes Sociales para Emprendedores\u201d.<\/strong><\/p>\n<p>Esta capacitaci\u00f3n beneficia a 30 personas de Calchaqu\u00ed y el departamento Vera, mayores de 16 a\u00f1os interesados en formarse en la gesti\u00f3n de redes sociales, orientado al branding.<\/p>\n<p>La Oficina de Empleo Municipal, trabaja diariamente para mejorar las condiciones de empleabilidad impulsando la formaci\u00f3n en oficios y servicios, promoviendo la capacitaci\u00f3n virtual y gratuita para la poblaci\u00f3n.<\/p>\n","protected":false},"excerpt":{"rendered":"<p>En el marco del programa Santa Fe Capacita, comenz\u00f3 el curso virtual y gratuito \u201cComunicaci\u00f3n y Redes Sociales para Emprendedores\u201d. Esta capacitaci\u00f3n beneficia a 30 personas de Calchaqu\u00ed y el departamento Vera, mayores de 16 a\u00f1os interesados en formarse en la gesti\u00f3n de redes sociales, orientado al branding. La Oficina de Empleo Municipal, trabaja diariamente [&hellip;]<\/p>\n","protected":false},"author":3,"featured_media":26509,"comment_status":"open","ping_status":"open","sticky":false,"template":"","format":"standard","meta":{"_joinchat":[],"footnotes":""},"categories":[52],"tags":[],"class_list":{"0":"post-26507","1":"post","2":"type-post","3":"status-publish","4":"format-standard","5":"has-post-thumbnail","7":"category-calchaqui"},"_links":{"self":[{"href":"https:\/\/infovera.com.ar\/web\/wp-json\/wp\/v2\/posts\/26507","targetHints":{"allow":["GET"]}}],"collection":[{"href":"https:\/\/infovera.com.ar\/web\/wp-json\/wp\/v2\/posts"}],"about":[{"href":"https:\/\/infovera.com.ar\/web\/wp-json\/wp\/v2\/types\/post"}],"author":[{"embeddable":true,"href":"https:\/\/infovera.com.ar\/web\/wp-json\/wp\/v2\/users\/3"}],"replies":[{"embeddable":true,"href":"https:\/\/infovera.com.ar\/web\/wp-json\/wp\/v2\/comments?post=26507"}],"version-history":[{"count":0,"href":"https:\/\/infovera.com.ar\/web\/wp-json\/wp\/v2\/posts\/26507\/revisions"}],"wp:featuredmedia":[{"embeddable":true,"href":"https:\/\/infovera.com.ar\/web\/wp-json\/wp\/v2\/media\/26509"}],"wp:attachment":[{"href":"https:\/\/infovera.com.ar\/web\/wp-json\/wp\/v2\/media?parent=26507"}],"wp:term":[{"taxonomy":"category","embeddable":true,"href":"https:\/\/infovera.com.ar\/web\/wp-json\/wp\/v2\/categories?post=26507"},{"taxonomy":"post_tag","embeddable":true,"href":"https:\/\/infovera.com.ar\/web\/wp-json\/wp\/v2\/tags?post=26507"}],"curies":[{"name":"wp","href":"https:\/\/api.w.org\/{rel}","templated":true}]}}