{"id":26492,"date":"2021-09-08T11:31:14","date_gmt":"2021-09-08T14:31:14","guid":{"rendered":"https:\/\/infovera.com.ar\/web\/?p=26492"},"modified":"2021-09-08T11:31:14","modified_gmt":"2021-09-08T14:31:14","slug":"leonela-cena-se-reunio-con-funcionario-de-desarrollo-social","status":"publish","type":"post","link":"https:\/\/infovera.com.ar\/web\/2021\/09\/08\/leonela-cena-se-reunio-con-funcionario-de-desarrollo-social\/","title":{"rendered":"Leonela Cena se reuni\u00f3 con funcionario de Desarrollo Social"},"content":{"rendered":"<p><strong>La precandidata a Presidenta Comunal Leonela Cena se reuni\u00f3 en la sede del partido con <\/strong><strong>Santiago Felipof, subsecretario de pol\u00edtica de inclusi\u00f3n y desarrollo territorial del Ministerio de Desarrollo Social de la provincia.<\/strong><\/p>\n<p>Acordaron trabajar para llegar a todos los barrios de Margarita, promoviendo programas de ni\u00f1ez y adolescencia, econom\u00eda social, deportes; APRECOD y seguridad alimentaria, programas que acompa\u00f1an el desarrollo integral de cada familia.<\/p>\n","protected":false},"excerpt":{"rendered":"<p>La precandidata a Presidenta Comunal Leonela Cena se reuni\u00f3 en la sede del partido con Santiago Felipof, subsecretario de pol\u00edtica de inclusi\u00f3n y desarrollo territorial del Ministerio de Desarrollo Social de la provincia. Acordaron trabajar para llegar a todos los barrios de Margarita, promoviendo programas de ni\u00f1ez y adolescencia, econom\u00eda social, deportes; APRECOD y seguridad [&hellip;]<\/p>\n","protected":false},"author":3,"featured_media":26494,"comment_status":"open","ping_status":"open","sticky":false,"template":"","format":"standard","meta":{"_joinchat":[],"footnotes":""},"categories":[66],"tags":[],"class_list":{"0":"post-26492","1":"post","2":"type-post","3":"status-publish","4":"format-standard","5":"has-post-thumbnail","7":"category-politica"},"_links":{"self":[{"href":"https:\/\/infovera.com.ar\/web\/wp-json\/wp\/v2\/posts\/26492","targetHints":{"allow":["GET"]}}],"collection":[{"href":"https:\/\/infovera.com.ar\/web\/wp-json\/wp\/v2\/posts"}],"about":[{"href":"https:\/\/infovera.com.ar\/web\/wp-json\/wp\/v2\/types\/post"}],"author":[{"embeddable":true,"href":"https:\/\/infovera.com.ar\/web\/wp-json\/wp\/v2\/users\/3"}],"replies":[{"embeddable":true,"href":"https:\/\/infovera.com.ar\/web\/wp-json\/wp\/v2\/comments?post=26492"}],"version-history":[{"count":0,"href":"https:\/\/infovera.com.ar\/web\/wp-json\/wp\/v2\/posts\/26492\/revisions"}],"wp:featuredmedia":[{"embeddable":true,"href":"https:\/\/infovera.com.ar\/web\/wp-json\/wp\/v2\/media\/26494"}],"wp:attachment":[{"href":"https:\/\/infovera.com.ar\/web\/wp-json\/wp\/v2\/media?parent=26492"}],"wp:term":[{"taxonomy":"category","embeddable":true,"href":"https:\/\/infovera.com.ar\/web\/wp-json\/wp\/v2\/categories?post=26492"},{"taxonomy":"post_tag","embeddable":true,"href":"https:\/\/infovera.com.ar\/web\/wp-json\/wp\/v2\/tags?post=26492"}],"curies":[{"name":"wp","href":"https:\/\/api.w.org\/{rel}","templated":true}]}}