{"id":26485,"date":"2021-09-08T11:22:39","date_gmt":"2021-09-08T14:22:39","guid":{"rendered":"https:\/\/infovera.com.ar\/web\/?p=26485"},"modified":"2021-09-10T14:09:08","modified_gmt":"2021-09-10T17:09:08","slug":"la-provincia-ejecutara-obras-de-readecuacion-de-la-canal-linea-parana-en-los-bajos","status":"publish","type":"post","link":"https:\/\/infovera.com.ar\/web\/2021\/09\/08\/la-provincia-ejecutara-obras-de-readecuacion-de-la-canal-linea-parana-en-los-bajos\/","title":{"rendered":"La provincia ejecutar\u00e1 obras de readecuaci\u00f3n del Canal L\u00ednea Paran\u00e1 en los Bajos"},"content":{"rendered":"<p><strong>Se trata de los tramos I y II del canal troncal. Las dos obras en conjunto cuentan con un presupuesto superior a los $700 millones.<\/strong><\/p>\n<p>El gobierno provincial llev\u00f3 adelante, en el Complejo Hist\u00f3rico Cultura del Villa Guillermina, la apertura de sobres para ejecutar las obras de readecuaci\u00f3n a su secci\u00f3n original del Canal L\u00ednea Paran\u00e1, en sus tramos I y II, en el departamento General Obligado. Las tareas cuentan con un presupuesto oficial total de $700.817.740,70.<\/p>\n<p>La jornada fue presidida por los ministros de Infraestructura, Servicios P\u00fablicos y H\u00e1bitat, Silvina Frana; de Ambiente y Cambio Clim\u00e1tico, \u00c9rika Gonnet; y de Producci\u00f3n, Ciencia y Tecnolog\u00eda, Daniel Costamagna.<\/p>\n<p>El objetivo de las obras es el reacondicionamiento de los tramos I y II del canal Troncal L\u00ednea Paran\u00e1. El actual canal presenta cambios significativos de secci\u00f3n producto de la erosi\u00f3n y\/o sedimentaci\u00f3n en las m\u00e1rgenes y el desarrollo de vegetaci\u00f3n y acumulaci\u00f3n de basura que disminuye la capacidad de conducci\u00f3n. Los trabajos del Tramo I cuentan con un presupuesto oficial de $ 340.819.334,41; en tanto que para las tareas en el Tramo II se destinar\u00e1n $ 359.998.406,29. En ambos casos el plazo de obra es de 12 meses.<\/p>\n<p>Al inicio de la actividad, Frana expres\u00f3: &#8220;Para nosotros es una inmensa alegr\u00eda participar en esta jornada de trabajo. No tengan dudas que la mirada de los Bajos Submeridionales es una pol\u00edtica de Estado del gobierno provincial y nacional que nos empe\u00f1amos en sacar adelante. Estas obras se enmarcan en el plan director de los Bajos Submeridionales, obras que fueron suscriptas mediante un convenio firmado por los gobernadores Omar Perotti, Jorge Capitanich y Gerardo Zamora, a principios del a\u00f1o pasado, y luego los equipos t\u00e9cnicos realizaron el proyecto ejecutivo.<\/p>\n<p>\u201cApenas iniciamos la gesti\u00f3n, el gobernador Omar Perotti nos plante\u00f3 la necesidad de avanzar en la planificaci\u00f3n de obras y medidas necesarias para el corto, mediano y largo plazo, que respondan a las problem\u00e1ticas preexistentes en la zona de los bajos. Y esta licitaci\u00f3n del Canal L\u00ednea Paran\u00e1 muestra no s\u00f3lo el trabajo interministerial, sino tambi\u00e9n en conjunto con los actores locales, con una mirada integral, sustentable, y con el cuidado de los recursos naturales&#8221;, y destacando la participaci\u00f3n de los habitantes de la regi\u00f3n, la ministra se\u00f1al\u00f3, &#8220;ustedes son los protagonistas, son los custodios de las obras que se hacen, son los beneficiaros y quienes la viven, ese es nuestro compromiso trabajar dando respuesta a las necesidades de la gente&#8221;.<\/p>\n<p>&#8220;Y de esa manera lograr aquel objetivo, que es potenciar esta regi\u00f3n como un polo de desarrollo productivo, de generaci\u00f3n de empleo, que fomente el arraigo donde uno sue\u00f1e vivir, crecer, desarrollarse, y cuando todo esto sucede claramente se trasunta en la dignidad de vida de la gente de la regi\u00f3n\u201d, subray\u00f3 Frana.<\/p>\n<div style=\"width: 640px;\" class=\"wp-video\"><video class=\"wp-video-shortcode\" id=\"video-26485-1\" width=\"640\" height=\"360\" preload=\"metadata\" controls=\"controls\"><source type=\"video\/mp4\" src=\"https:\/\/www.santafe.gov.ar\/noticias\/recursos\/videosHD\/2021\/09\/2021-09-08NID_272251O_1.mp4?_=1\" \/><a href=\"https:\/\/www.santafe.gov.ar\/noticias\/recursos\/videosHD\/2021\/09\/2021-09-08NID_272251O_1.mp4\">https:\/\/www.santafe.gov.ar\/noticias\/recursos\/videosHD\/2021\/09\/2021-09-08NID_272251O_1.mp4<\/a><\/video><\/div>\n<p>CONOCER EL TERRITORIO<\/p>\n<p>Por su parte, Gonnet realiz\u00f3 un repaso sobre las acciones que se vienen desarrollando en la regi\u00f3n de los bajos submeridionales, destacando la Evaluaci\u00f3n de Impacto Ambiental (EIA) y resalt\u00f3: &#8220;Tenemos que conocer nuestro territorio y saber qu\u00e9 cosas se pueden hacer en determinados lugares, cu\u00e1les no, y cu\u00e1les se pueden realizar de una manera sostenible\u201d.<\/p>\n<p>Asimismo mencion\u00f3 las acciones abordadas con el Inventario Provincial de Humedales, el cual se presenta como una herramienta de gesti\u00f3n clave para integrar y reconocer toda la extensi\u00f3n de los Bajos Submeridionales. Y resalt\u00f3 la necesidad de &#8220;conservar estos lugares&#8221; y de &#8220;adaptar los territorios para hacer frente a las consecuencias del cambio clim\u00e1tico&#8221;.<\/p>\n<p>Al tomar la palabra, el ministro Costamagna manifest\u00f3: \u201cCreo que en este desaf\u00edo que tenemos por delante, de la limpieza de estos tramos, en las obras hidr\u00e1ulicas y de caminos, las cuestiones medioambientales y productivas, son centrales en nuestra agenda. Se trata de ir juntos en sistemas de sustentabilidad real, es pensar en la coyuntura pensando en el futuro. Son muchas hect\u00e1reas, familias, productores y localidades en las que se hacen grandes esfuerzos para mantener esquemas necesarios en las zonas urbanas y rurales, es responsabilidad de todos que se generen oportunidades\u201d.<\/p>\n<p>\u201cCreo que el Comit\u00e9 Interjurisdiccional de los Bajos Submeridionales es un elemento central de trabajo donde se vuelcan experiencias y se articulan pol\u00edticas; es un \u00f3rgano sustancial y que acompa\u00f1a fuertemente este proyecto. El objetivo central es mejorar la producci\u00f3n en un marco de sustentabilidad, mejorar la cantidad de terneros, la productividad por hect\u00e1rea, los \u00edndices productivos de establecimientos de novillo de exportaci\u00f3n; la incorporaci\u00f3n del intercambio permanente con el INTA. De alguna manera estos proyectos que ya son acciones y obras concretas son una reparaci\u00f3n hist\u00f3rica, que tienen que ver con el cuidado del medio ambiente, de los recursos naturales, con un equilibrio muy fino de los sistemas productivos en un sistema muy vulnerable\u201d, agreg\u00f3.<\/p>\n<p>TRANSFORMAR LA REGI\u00d3N<\/p>\n<p>A su turno, el subsecretario de Desarrollo Ecosist\u00e9mico, Roque Ch\u00e1vez, se\u00f1al\u00f3 &#8220;este es un trabajo articulado de todos los ministerios, que muestra la importancia de esta obra. Y tambi\u00e9n muestra la mirada abarcativa del gobernador Omar Perotti, su enorme trabajo por transformar la regi\u00f3n de los bajos submeridionales, mejorando las condiciones de agua dulce, protegiendo nuestros bosques nativos, otorgando mayor productividad a trav\u00e9s del plan ganadero, trabajando la conectividad en las rutas transversales, y promoviendo el desarrollo y la integraci\u00f3n regional&#8221;.<\/p>\n<p>Por su parte, la presidente comunal, Nanci \u00c1valos, expres\u00f3: &#8220;Nos convoca un momento hist\u00f3rico para todo el norte santafesino. Sin dudas no ha habido un reclamo con tanto acompa\u00f1amiento y trabajo como es las obras de los bajos submeridionales. Los vecinos hemos sufrido el abandono de tantos a\u00f1os, y nuestro gobernador Omar Perotti se ocup\u00f3 de esta desidia, y hoy vivimos esta realidad con las obras de infraestructura en marcha, para ser parte del crecimiento de nuestra provincia de Santa Fe&#8221;.<\/p>\n<p>TRAMO I Y II<\/p>\n<p>Durante la apertura de sobres, el secretario de Recursos H\u00eddricos, Roberto Gioria, explic\u00f3 la ubicaci\u00f3n y las obras en cada tramo.<\/p>\n<p>El Tramo I del canal se ubica en el norte del departamento General Obligado y se extiende desde el arroyo Los Amores, al norte de la localidad de Villa Guillermina, hasta su desembocadura en el r\u00edo Paran\u00e1, con una longitud de 19 km. La obra comprende la readecuaci\u00f3n del canal en una longitud de 19 Km, llevando su secci\u00f3n de escurrimiento a su tama\u00f1o original, la construcci\u00f3n de 5 alcantarillas nuevas en reemplazo de las existentes -que se encuentran colapsadas- y 7 sitios en donde se ejecutar\u00e1n protecciones contra erosi\u00f3n.<\/p>\n<p>El Tramo II del canal se extiende desde el cruce de las rutas Provinciales N\u00ba3 y N\u00ba30, al sur de la localidad de Los Amores, hasta la llegada del canal al arroyo Los Amores, con una longitud de 28 km. La obra contempla la readecuaci\u00f3n del canal en sus 28 km, llevando su secci\u00f3n de escurrimiento a su tama\u00f1o original, la construcci\u00f3n de 8 alcantarillas nuevas en reemplazo de las existentes -tambi\u00e9n colapsadas- y 26 sitios en donde se ejecutar\u00e1n protecciones contra erosi\u00f3n.<\/p>\n<p>Las principales actividades a desarrollar en ambos tramos son: desbosque, destronque y retiro de especies arb\u00f3reas que obstaculicen el escurrimiento; excavaci\u00f3n de canal para la readecuaci\u00f3n del perfil transversal; construcci\u00f3n de alcantarillas nuevas, en reposici\u00f3n de las existentes, manteniendo las dimensiones hidr\u00e1ulicas; y ejecuci\u00f3n de obras de control de erosi\u00f3n.<\/p>\n<p>LAS OFERTAS TRAMO I<\/p>\n<p>Con un presupuesto oficial de $340.819.334,41, y un plazo de ejecuci\u00f3n de 12 meses, se presentaron 10 ofertas: BRAJKOVIC S.A.I. cotiz\u00f3 $327.822.596,65, y una propuesta alternativa de $309.496.405,06; WERK CONSTRUCTORA S.R.L.-DEL SOL CONSTRUCTORA S.A. UNI\u00d3N TRANSITORIA PARAN\u00c1 I cotiz\u00f3 $259.785.222,78; EMPRESA CONSTRUCTORA PILATTI S.A. cotiz\u00f3 $388.342.559,28; O.I.C. S.A. cotiz\u00f3 $289.538.580,37; MUNDO CONSTRUCCIONES S.A. cotiz\u00f3 $274.837.792,71; JOS\u00c9 ELEUTERIO PIT\u00d3N S.A. cotiz\u00f3 $248.674.429,78; ING. CIVIL PEDRO ALBERTO MART\u00cdNEZ CONSTRUCCIONES cotiz\u00f3 $344.476.540,03; MEM INGENIER\u00cdA S.A. cotiz\u00f3 $248.557.258,67; EDECA S.A. cotiz\u00f3 $394.669.038,88; y una d\u00e9cima y \u00faltima oferta correspondiente a la firma COCYAR S.A. que cotiz\u00f3 la suma de $411.224.528,01.<\/p>\n<p>LAS OFERTAS TRAMO II<\/p>\n<p>Con un presupuesto oficial de $359.998.406,29, y un plazo de ejecuci\u00f3n de 12 meses, se presentaron 7 ofertas: BRAJKOVIC S.A.I. cotiz\u00f3 $509.564.489,30, y una propuesta alternativa de $481.082.616,15; WERK CONSTRUCTORA S.R.L.-DEL SOL CONSTRUCTORA S.A. UNI\u00d3N TRANSITORIA PARAN\u00c1 II cotiz\u00f3 $347.163.144,89; EMPRESA CONSTRUCTORA PILATTI S.A. cotiz\u00f3 $430.814.337,67; MUNDO CONSTRUCCIONES S.A. cotiz\u00f3 $353.978.605,28; JOS\u00c9 ELEUTERIO PIT\u00d3N S.A. cotiz\u00f3 $385.713.111,11; ING. CIVIL PEDRO ALBERTO MART\u00cdNEZ CONSTRUCCIONES cotiz\u00f3 $448.420.290,07; y una s\u00e9ptima y \u00faltima oferta correspondiente a la firma COCYAR S.A. que cotiz\u00f3 la suma de $629.035.065,36.<\/p>\n<p>CARNES SANTAFESINAS<\/p>\n<p>Durante la jornada, el ministro Producci\u00f3n, Ciencia y Tecnolog\u00eda, Daniel Costamagna, se refiri\u00f3 al programa Carnes Santafesinas 2030: \u201cEl Programa, que se anunci\u00f3 en Las Gamas hace pocas semanas con la presencia del gobernador Omar Perotti, lo llevamos adelante con distintas herramientas, y junto a entidades intermedias. Entre otras cosas, contiene est\u00edmulos a la compra de reproductores; estamos trabajando y acompa\u00f1ando a los peque\u00f1os y medianos productores a la compra de toros producidos en caba\u00f1as santafesinas, de hasta 500 animales en el caso de la ganader\u00eda de carne y hasta 300 en el de leche\u201d.<\/p>\n<p>\u201cEstamos poniendo en valor al establecimiento Las Gamas en la producci\u00f3n de pajuelas para la utilizaci\u00f3n en rodeos ganaderos; y en establecer sistemas de premios y est\u00edmulos para aquellos productores que, adem\u00e1s, quieran llevar a sus reproductores a Las Gamas y ah\u00ed fabricarse sus propias pajuelas\u201d, indic\u00f3.<\/p>\n<p>Adem\u00e1s dijo que: \u201cEl Programa tambi\u00e9n prev\u00e9 charlas de capacitaci\u00f3n hacia los operarios a campo, en el manejo de la hacienda, a tractoristas, a alambradores; a todo aquello que sea el buen manejo y trato animal, que es lo que se pide en el mundo\u201d.<\/p>\n<p>TRABAJOS VIALES<\/p>\n<p>La Direcci\u00f3n Provincial de Vialidad tambi\u00e9n est\u00e1 realizando una gran inversi\u00f3n, que supera los 8 mil millones de pesos en la regi\u00f3n con recursos provinciales para obras de pavimentaci\u00f3n, mejorado granular y alcantarillado.<\/p>\n<p>Al respecto, el administrador provincial de Vialidad, Oscar Ceschi, coment\u00f3 que &#8220;la provincia de Santa Fe tiene 15 mil kil\u00f3metros de rutas, de las cuales 4.150 est\u00e1n pavimentadas, lamentablemente de ese restante de tierra, la mayor\u00eda est\u00e1 en este norte. Por eso para nosotros es una alegr\u00eda poder mostrarles todo lo que estamos haciendo y lo que vamos a hacer en todo el norte. Cuando regularizamos los pagos que se deb\u00edan de la gesti\u00f3n anterior, luego afrontamos la pandemia, pero con mucho trabajo ordenamos las cuentas pagando a las empresas y empezamos a poner en marcha las 26 obras que estaban paralizadas&#8221;.<\/p>\n<p>Luego, el funcionario subray\u00f3: &#8220;Posteriormente, pusimos en marcha nuestro plan de gobierno, que est\u00e1 principalmente en el norte provincial, con una inversi\u00f3n en obras que superan los 8 mil millones de pesos, a trav\u00e9s de distintos programas que tienen que ver con fortalecimiento urbano, el acompa\u00f1amiento a gobiernos locales a trav\u00e9s de aportes, caminos rurales\u201d.<\/p>\n<p>Para finalizar, indic\u00f3 que \u201cuna obra a destacar, es la pr\u00f3xima licitaci\u00f3n y comienzo de las tareas en la ruta provincial N\u00ba3, que en junio de este a\u00f1o licitamos el segmento de 23 kil\u00f3metros hasta Ca\u00f1ada Omb\u00fa. Y ahora queremos pavimentar los 18 kil\u00f3metros, superando la zona urbana de Los Amores, que es la \u00faltima localidad del departamento Vera. Es decisi\u00f3n pol\u00edtica del gobernador Omar Perotti poner los recursos en las obras que necesita la gente&#8221;.<\/p>\n<p>PRESENTES<\/p>\n<p>Participaron de los actos, los secretarios de Recursos H\u00eddricos, Roberto Gioria; y de Desarrollo Territorial y Arraigo, Fabricio Medina; los subsecretarios de Desarrollo H\u00eddrico y Comit\u00e9 de Cuenca, Mariano Diez; de Planificaci\u00f3n y Gesti\u00f3n, Carlos Scioli, de Coordinaci\u00f3n Agroalimentaria, Mar\u00eda Eugenia Carrizo; el asesor de Vialidad Provincial, Daniel Ricotti; y el director de Control Ambiental, Esteban Koziol; entre otras autoridades y representantes de empresas oferentes.<\/p>\n","protected":false},"excerpt":{"rendered":"<p>Se trata de los tramos I y II del canal troncal. Las dos obras en conjunto cuentan con un presupuesto superior a los $700 millones. El gobierno provincial llev\u00f3 adelante, en el Complejo Hist\u00f3rico Cultura del Villa Guillermina, la apertura de sobres para ejecutar las obras de readecuaci\u00f3n a su secci\u00f3n original del Canal L\u00ednea [&hellip;]<\/p>\n","protected":false},"author":3,"featured_media":26487,"comment_status":"open","ping_status":"open","sticky":false,"template":"","format":"standard","meta":{"_joinchat":[],"footnotes":""},"categories":[51],"tags":[],"class_list":{"0":"post-26485","1":"post","2":"type-post","3":"status-publish","4":"format-standard","5":"has-post-thumbnail","7":"category-locales"},"_links":{"self":[{"href":"https:\/\/infovera.com.ar\/web\/wp-json\/wp\/v2\/posts\/26485","targetHints":{"allow":["GET"]}}],"collection":[{"href":"https:\/\/infovera.com.ar\/web\/wp-json\/wp\/v2\/posts"}],"about":[{"href":"https:\/\/infovera.com.ar\/web\/wp-json\/wp\/v2\/types\/post"}],"author":[{"embeddable":true,"href":"https:\/\/infovera.com.ar\/web\/wp-json\/wp\/v2\/users\/3"}],"replies":[{"embeddable":true,"href":"https:\/\/infovera.com.ar\/web\/wp-json\/wp\/v2\/comments?post=26485"}],"version-history":[{"count":0,"href":"https:\/\/infovera.com.ar\/web\/wp-json\/wp\/v2\/posts\/26485\/revisions"}],"wp:featuredmedia":[{"embeddable":true,"href":"https:\/\/infovera.com.ar\/web\/wp-json\/wp\/v2\/media\/26487"}],"wp:attachment":[{"href":"https:\/\/infovera.com.ar\/web\/wp-json\/wp\/v2\/media?parent=26485"}],"wp:term":[{"taxonomy":"category","embeddable":true,"href":"https:\/\/infovera.com.ar\/web\/wp-json\/wp\/v2\/categories?post=26485"},{"taxonomy":"post_tag","embeddable":true,"href":"https:\/\/infovera.com.ar\/web\/wp-json\/wp\/v2\/tags?post=26485"}],"curies":[{"name":"wp","href":"https:\/\/api.w.org\/{rel}","templated":true}]}}