{"id":26457,"date":"2021-09-07T18:13:26","date_gmt":"2021-09-07T21:13:26","guid":{"rendered":"https:\/\/infovera.com.ar\/web\/?p=26457"},"modified":"2021-09-07T18:13:26","modified_gmt":"2021-09-07T21:13:26","slug":"veda-electoral-cuando-empieza-y-que-no-se-puede-hacer-mientras-este-vigente","status":"publish","type":"post","link":"https:\/\/infovera.com.ar\/web\/2021\/09\/07\/veda-electoral-cuando-empieza-y-que-no-se-puede-hacer-mientras-este-vigente\/","title":{"rendered":"Veda Electoral: cu\u00e1ndo empieza y qu\u00e9 no se puede hacer mientras est\u00e9 vigente"},"content":{"rendered":"<p>La veda electoral comenzar\u00e1 a regir en todo el pa\u00eds a partir de las 8 de la ma\u00f1ana del viernes 10 de septiembre y se extender\u00e1 m\u00e1s all\u00e1 del cierre de urnas de las Primarias, Abiertas, Simult\u00e1neas y Obligatorias (PASO) del 12 de septiembre, de acuerdo a lo establecido en el cronograma del Calendario Nacional Electoral.<\/p>\n<p>Desde el momento en que comienza la veda, empiezan a regir una serie de prohibiciones, como la prohibici\u00f3n de la realizaci\u00f3n de actos proselitistas hasta el cierre de la votaci\u00f3n el domingo a las 18. Alcanza todo tipo de declaraciones de propaganda pol\u00edtica por parte de candidatos, funcionarios o comunicadores sociales, y la difusi\u00f3n de encuestas y sondeos preelectorales.<\/p>\n<p>Adem\u00e1s, prev\u00e9 la prohibici\u00f3n de la realizaci\u00f3n de espect\u00e1culos masivos, ya sea culturales, sociales o deportivos, durante todo el domingo y hasta tres horas despu\u00e9s de finalizado el proceso electoral. Comprende espect\u00e1culos al aire libre, en recintos cerrados, fiestas teatrales y deportivas y toda de reuni\u00f3n p\u00fablica que no se refiera al acto electoral.<\/p>\n<p>La venta de bebidas alcoh\u00f3licas, en tanto, estar\u00e1 prohibida desde las 20 del d\u00eda anterior a la elecci\u00f3n (12 horas antes de la apertura de urnas) y hasta tres horas de finalizado el comicio.<\/p>\n<p>Los ciudadanos que no respeten la veda podr\u00e1n ser denunciados por violaci\u00f3n al C\u00f3digo Electoral, y sancionados si la Justicia comprueba la falta. El C\u00f3digo proh\u00edbe adem\u00e1s \u201cla portaci\u00f3n de armas, el uso de banderas, divisas u otros distintivos durante el d\u00eda de la elecci\u00f3n, doce horas antes y tres horas despu\u00e9s de finalizadas\u201d.<\/p>\n<p>Seg\u00fan el art\u00edculo 71 del C\u00f3digo Electoral, durante la jornada electoral queda prohibido:<\/p>\n<p>Admitir reuniones de electores o dep\u00f3sito de armas durante las horas de la elecci\u00f3n a toda persona que en los centros urbanos habite una casa situada dentro de un radio de ochenta metros (80 m) alrededor de la mesa receptora. Si la finca fuese tomada a viva fuerza deber\u00e1 darse aviso inmediato a la autoridad policial;<\/p>\n<p>Los espect\u00e1culos populares al aire libre o en recintos cerrados, fiestas teatrales, deportivas y toda clase de reuniones p\u00fablicas que no se refieran al acto electoral, durante su desarrollo y hasta pasadas tres horas de ser clausurado;<\/p>\n<p>Tener abiertas las casas destinadas al expendio de cualquier clase de bebidas alcoh\u00f3licas hasta transcurridas tres horas del cierre del comicio<\/p>\n<p>Ofrecer o entregar a los electores boletas de sufragio dentro de un radio de ochenta metros (80 m.) de las mesas receptoras de votos, contados sobre la calzada, calle o camino;<\/p>\n<p>A los electores, la portaci\u00f3n de armas, el uso de banderas, divisas u otros distintivos durante el d\u00eda de la elecci\u00f3n, doce horas antes y tres horas despu\u00e9s de finalizada;<\/p>\n<p>Realizar actos p\u00fablicos de proselitismo y publicar y difundir encuestas y sondeos preelectorales, desde cuarenta y ocho horas antes de la iniciaci\u00f3n del comicio y hasta el cierre del mismo.<\/p>\n<p>La apertura de organismos partidarios dentro de un radio de ochenta metros (80 m.) del lugar en que se instalen mesas receptoras de votos. La Junta Electoral Nacional o cualquiera de sus miembros podr\u00e1 disponer el cierre transitorio de los locales que estuvieren en infracci\u00f3n a lo dispuesto precedentemente. No se instalar\u00e1n mesas receptoras a menos de ochenta metros (80 m.) de la sede en que se encuentre el domicilio legal de los partidos nacionales o de distrito.<\/p>\n<p>Publicar o difundir encuestas y proyecciones sobre el resultado de la elecci\u00f3n durante la realizaci\u00f3n del comicio y hasta tres horas despu\u00e9s de su cierre.<\/p>\n","protected":false},"excerpt":{"rendered":"<p>La veda electoral comenzar\u00e1 a regir en todo el pa\u00eds a partir de las 8 de la ma\u00f1ana del viernes 10 de septiembre y se extender\u00e1 m\u00e1s all\u00e1 del cierre de urnas de las Primarias, Abiertas, Simult\u00e1neas y Obligatorias (PASO) del 12 de septiembre, de acuerdo a lo establecido en el cronograma del Calendario Nacional [&hellip;]<\/p>\n","protected":false},"author":2,"featured_media":26459,"comment_status":"open","ping_status":"open","sticky":false,"template":"","format":"standard","meta":{"_joinchat":[],"footnotes":""},"categories":[66],"tags":[],"class_list":{"0":"post-26457","1":"post","2":"type-post","3":"status-publish","4":"format-standard","5":"has-post-thumbnail","7":"category-politica"},"_links":{"self":[{"href":"https:\/\/infovera.com.ar\/web\/wp-json\/wp\/v2\/posts\/26457","targetHints":{"allow":["GET"]}}],"collection":[{"href":"https:\/\/infovera.com.ar\/web\/wp-json\/wp\/v2\/posts"}],"about":[{"href":"https:\/\/infovera.com.ar\/web\/wp-json\/wp\/v2\/types\/post"}],"author":[{"embeddable":true,"href":"https:\/\/infovera.com.ar\/web\/wp-json\/wp\/v2\/users\/2"}],"replies":[{"embeddable":true,"href":"https:\/\/infovera.com.ar\/web\/wp-json\/wp\/v2\/comments?post=26457"}],"version-history":[{"count":0,"href":"https:\/\/infovera.com.ar\/web\/wp-json\/wp\/v2\/posts\/26457\/revisions"}],"wp:featuredmedia":[{"embeddable":true,"href":"https:\/\/infovera.com.ar\/web\/wp-json\/wp\/v2\/media\/26459"}],"wp:attachment":[{"href":"https:\/\/infovera.com.ar\/web\/wp-json\/wp\/v2\/media?parent=26457"}],"wp:term":[{"taxonomy":"category","embeddable":true,"href":"https:\/\/infovera.com.ar\/web\/wp-json\/wp\/v2\/categories?post=26457"},{"taxonomy":"post_tag","embeddable":true,"href":"https:\/\/infovera.com.ar\/web\/wp-json\/wp\/v2\/tags?post=26457"}],"curies":[{"name":"wp","href":"https:\/\/api.w.org\/{rel}","templated":true}]}}