{"id":26446,"date":"2021-09-07T17:26:02","date_gmt":"2021-09-07T20:26:02","guid":{"rendered":"https:\/\/infovera.com.ar\/web\/?p=26446"},"modified":"2021-09-07T18:45:06","modified_gmt":"2021-09-07T21:45:06","slug":"pedido-de-paradero-de-alberto-luis-romero-de-vera","status":"publish","type":"post","link":"https:\/\/infovera.com.ar\/web\/2021\/09\/07\/pedido-de-paradero-de-alberto-luis-romero-de-vera\/","title":{"rendered":"Pedido de paradero de Alberto Luis Romero de Vera"},"content":{"rendered":"<p>Personal de la UR XIX emiti\u00f3 un comunicado solicitando el paradero del septuagenario verense que se ausent\u00f3 de su hogar para encontrarse con una persona que conoci\u00f3 por redes sociales.<\/p>\n<p>PEDIDO DE PARADERO del ciudadano ROMERO ALBERTO LUIS, Argentino de 72 a\u00f1os de edad, domiciliado en esta ciudad de Vera.<\/p>\n<p>Romero es de contextura delgada, tez trigue\u00f1a, cabello corto canoso, barba canosa, ojo color verdes claro, de aproximadamente 1,75 metros de alto.<\/p>\n<p>En el dia de ayer siendo las 06:00 horas aproximadamente, sali\u00f3 de viaje con destino a la ciudad de Santa Fe Capital, en su autom\u00f3vil marca CHEVROLET ONIX de color gris claro, dominio OVG \u2013 160. A los fines de encontrase con una persona contactada a trav\u00e9s de redes sociales.<\/p>\n<p>Al momento de ausentarse llevaba diferentes documentaciones personales como as\u00ed tel\u00e9fono celular el cual da apagado en todo momento.<\/p>\n<p>Denuncia de pedido de paradero radicada ante la comisar\u00eda primera por su hijo Mayor de edad.<\/p>\n<p>Ante cualquier informaci\u00f3n llamar a dependencia policial m\u00e1s cercana a su domicilio.<\/p>\n","protected":false},"excerpt":{"rendered":"<p>Personal de la UR XIX emiti\u00f3 un comunicado solicitando el paradero del septuagenario verense que se ausent\u00f3 de su hogar para encontrarse con una persona que conoci\u00f3 por redes sociales. PEDIDO DE PARADERO del ciudadano ROMERO ALBERTO LUIS, Argentino de 72 a\u00f1os de edad, domiciliado en esta ciudad de Vera. Romero es de contextura delgada, [&hellip;]<\/p>\n","protected":false},"author":2,"featured_media":26448,"comment_status":"open","ping_status":"open","sticky":false,"template":"","format":"standard","meta":{"_joinchat":[],"footnotes":""},"categories":[30],"tags":[],"class_list":{"0":"post-26446","1":"post","2":"type-post","3":"status-publish","4":"format-standard","5":"has-post-thumbnail","7":"category-policiales"},"_links":{"self":[{"href":"https:\/\/infovera.com.ar\/web\/wp-json\/wp\/v2\/posts\/26446","targetHints":{"allow":["GET"]}}],"collection":[{"href":"https:\/\/infovera.com.ar\/web\/wp-json\/wp\/v2\/posts"}],"about":[{"href":"https:\/\/infovera.com.ar\/web\/wp-json\/wp\/v2\/types\/post"}],"author":[{"embeddable":true,"href":"https:\/\/infovera.com.ar\/web\/wp-json\/wp\/v2\/users\/2"}],"replies":[{"embeddable":true,"href":"https:\/\/infovera.com.ar\/web\/wp-json\/wp\/v2\/comments?post=26446"}],"version-history":[{"count":0,"href":"https:\/\/infovera.com.ar\/web\/wp-json\/wp\/v2\/posts\/26446\/revisions"}],"wp:featuredmedia":[{"embeddable":true,"href":"https:\/\/infovera.com.ar\/web\/wp-json\/wp\/v2\/media\/26448"}],"wp:attachment":[{"href":"https:\/\/infovera.com.ar\/web\/wp-json\/wp\/v2\/media?parent=26446"}],"wp:term":[{"taxonomy":"category","embeddable":true,"href":"https:\/\/infovera.com.ar\/web\/wp-json\/wp\/v2\/categories?post=26446"},{"taxonomy":"post_tag","embeddable":true,"href":"https:\/\/infovera.com.ar\/web\/wp-json\/wp\/v2\/tags?post=26446"}],"curies":[{"name":"wp","href":"https:\/\/api.w.org\/{rel}","templated":true}]}}