{"id":26425,"date":"2021-09-07T10:07:56","date_gmt":"2021-09-07T13:07:56","guid":{"rendered":"https:\/\/infovera.com.ar\/web\/?p=26425"},"modified":"2021-09-07T11:30:02","modified_gmt":"2021-09-07T14:30:02","slug":"tercer-ecocanje-en-vera","status":"publish","type":"post","link":"https:\/\/infovera.com.ar\/web\/2021\/09\/07\/tercer-ecocanje-en-vera\/","title":{"rendered":"La ciudad de Vera tuvo su tercer Ecocanje"},"content":{"rendered":"<p><strong>La ciudad de Vera tuvo su tercer Ecocanje, con el foco puesto en las huertas urbanas y la separaci\u00f3n de residuos.<\/strong><\/p>\n<p>Este domingo se realiz\u00f3 el tercer EcoCanje de la ciudad de Vera, organizado por el espacio de Unidad Ciudadana, que acompa\u00f1a la precandidatura a concejal del docente y productor ap\u00edcola, Facundo Iznardo.<\/p>\n<p>Esta vez, la acci\u00f3n estuvo enfocada a incentivar el cultivo de alimentos en peque\u00f1os espacios de tierra, lo que se conoce como \u201chuerta urbana\u201d; y como dos caras de una misma moneda, el segundo objetivo tiene que ver con fomentar la separaci\u00f3n domiciliaria de residuos en secos y h\u00famedos como h\u00e1bito social que debemos ir incorporando.<\/p>\n<p>\u201cLa gente nos preguntaba si se iban a seguir haciendo este tipo de actividades. Nosotros decimos que estamos generando estas acciones como grupo, pero que desde el Concejo Deliberante queremos ir generando Pol\u00edticas de Estado que vayan en este sentido, como por ejemplo la separaci\u00f3n domiciliaria de residuos a trav\u00e9s de distintos incentivos\u201d, explic\u00f3 Facundo Iznardo.<\/p>\n<p>En consonancia con esto, se\u00f1al\u00f3 que \u201csi empezamos a separar residuos en nuestras casas ahora, cuando la planta del Consorcio Girsu est\u00e9 funcionando, la ciudad habr\u00e1 cambiado sus h\u00e1bitos en cuanto al tratamiento de la basura. Esto tambi\u00e9n tratamos de generar con el EcoCanje: acciones que nos permitan empezar a cambiar h\u00e1bitos, sobre todo en la disposici\u00f3n de la basura\u201d.<\/p>\n<p>\u201cEstamos muy contentos. Esta vez, adem\u00e1s de lo que entregamos siempre quisimos dar algo m\u00e1s. As\u00ed que conseguimos plantines de verdura para que la gente pueda empezar a tener una peque\u00f1a huerta en su casa. Y los materiales van a ser entregados nuevamente a los recuperadores que se hab\u00edan acercado en las otras oportunidades\u201d, sostuvo Facundo Iznardo una vez finalizada la iniciativa.<\/p>\n<p>En el EcoCanje de la ciudad de Vera se cambian residuos secos y limpios de metal, cart\u00f3n y pl\u00e1stico por regalos amigables con el ambiente, como plantines, semillas, y tierra, e incluso en la edici\u00f3n pasada se sum\u00f3 un sorteo de \u00e1rboles en el marco del D\u00eda Nacional del \u00c1rbol.<\/p>\n","protected":false},"excerpt":{"rendered":"<p>La ciudad de Vera tuvo su tercer Ecocanje, con el foco puesto en las huertas urbanas y la separaci\u00f3n de residuos. Este domingo se realiz\u00f3 el tercer EcoCanje de la ciudad de Vera, organizado por el espacio de Unidad Ciudadana, que acompa\u00f1a la precandidatura a concejal del docente y productor ap\u00edcola, Facundo Iznardo. Esta vez, [&hellip;]<\/p>\n","protected":false},"author":3,"featured_media":26428,"comment_status":"open","ping_status":"open","sticky":false,"template":"","format":"standard","meta":{"_joinchat":[],"footnotes":""},"categories":[66],"tags":[],"class_list":{"0":"post-26425","1":"post","2":"type-post","3":"status-publish","4":"format-standard","5":"has-post-thumbnail","7":"category-politica"},"_links":{"self":[{"href":"https:\/\/infovera.com.ar\/web\/wp-json\/wp\/v2\/posts\/26425","targetHints":{"allow":["GET"]}}],"collection":[{"href":"https:\/\/infovera.com.ar\/web\/wp-json\/wp\/v2\/posts"}],"about":[{"href":"https:\/\/infovera.com.ar\/web\/wp-json\/wp\/v2\/types\/post"}],"author":[{"embeddable":true,"href":"https:\/\/infovera.com.ar\/web\/wp-json\/wp\/v2\/users\/3"}],"replies":[{"embeddable":true,"href":"https:\/\/infovera.com.ar\/web\/wp-json\/wp\/v2\/comments?post=26425"}],"version-history":[{"count":0,"href":"https:\/\/infovera.com.ar\/web\/wp-json\/wp\/v2\/posts\/26425\/revisions"}],"wp:featuredmedia":[{"embeddable":true,"href":"https:\/\/infovera.com.ar\/web\/wp-json\/wp\/v2\/media\/26428"}],"wp:attachment":[{"href":"https:\/\/infovera.com.ar\/web\/wp-json\/wp\/v2\/media?parent=26425"}],"wp:term":[{"taxonomy":"category","embeddable":true,"href":"https:\/\/infovera.com.ar\/web\/wp-json\/wp\/v2\/categories?post=26425"},{"taxonomy":"post_tag","embeddable":true,"href":"https:\/\/infovera.com.ar\/web\/wp-json\/wp\/v2\/tags?post=26425"}],"curies":[{"name":"wp","href":"https:\/\/api.w.org\/{rel}","templated":true}]}}