{"id":26397,"date":"2021-09-06T18:56:20","date_gmt":"2021-09-06T21:56:20","guid":{"rendered":"https:\/\/infovera.com.ar\/web\/?p=26397"},"modified":"2021-09-06T18:56:20","modified_gmt":"2021-09-06T21:56:20","slug":"la-provincia-continua-trabajando-en-la-expansion-de-la-oferta-de-billetera-santa-fe","status":"publish","type":"post","link":"https:\/\/infovera.com.ar\/web\/2021\/09\/06\/la-provincia-continua-trabajando-en-la-expansion-de-la-oferta-de-billetera-santa-fe\/","title":{"rendered":"La provincia contin\u00faa trabajando en la expansi\u00f3n de la oferta de Billetera Santa Fe"},"content":{"rendered":"<p>El secretario de Comercio Interior y Servicios, Juan Marcos Aviano, mantuvo este lunes una jornada de trabajo junto a la Sociedad de Carniceros y la Asociaci\u00f3n de Industriales Panaderos de Rosario, con el objetivo de ejecutar articuladamente acciones que contin\u00faen expandiendo los beneficios del programa Billetera Santa Fe a nuevas bocas de venta minorista del rubro alimentos.<\/p>\n<p>Adem\u00e1s, el funcionario trabaj\u00f3 con estas entidades en el desarrollo de dos nuevas iniciativas destinadas a favorecer la actividad comercial por un lado el Observatorio de Precios y por otro lado, un sello de marca Hecho en Santa Fe.<\/p>\n<p>En primer t\u00e9rmino, Aviano visit\u00f3 la Sociedad de Carniceros de Rosario donde fue recibido por su presidente, Jos\u00e9 Garc\u00eda, y otras autoridades de la instituci\u00f3n. Sobre este encuentro, el secretario destac\u00f3: \u201cLos temas abordados est\u00e1n vinculados con el conjunto de medidas que el Gobierno Provincial a trav\u00e9s del Ministerio de Producci\u00f3n, Ciencia y Tecnolog\u00eda viene llevando adelante, los cuales tienen que ver con la cadena de producci\u00f3n, industrializaci\u00f3n y comercio de art\u00edculos de primera necesidad\u201d.<\/p>\n<p>\u201cEn el caso de la Sociedad de Carniceros abordamos la utilizaci\u00f3n de Billetera Santa Fe en el sector, con el objetivo de democratizar la oferta lo mejor posible. Tomamos la iniciativa de llevar adelante una acci\u00f3n puntual de promoci\u00f3n para que, aquellos carniceros que a\u00fan no utilicen esta herramienta, puedan sumarse. Por otro lado, ahondamos sobre el Observatorio de Precios que queremos organizar desde el Ministerio para conocer los distintos eslabones de la cadena, sus costos y los productos\u00a0 que se elaboran en la provincia\u201d, agreg\u00f3 el funcionario.<\/p>\n<p>Para concluir la agenda de trabajo, el secretario de Comercio Interior y Servicios, visit\u00f3 la Asociaci\u00f3n de Industriales Panaderos de Rosario. Luego de la visita se\u00f1al\u00f3: \u201cTrabajamos en conjunto en una propuesta que tiene como objetivo desarrollar proveedores para los panaderos asociados, a fin de dise\u00f1ar una ronda de negocios que incluya a los proveedores de insumos. El trabajo consiste en abordar varios t\u00f3picos con la asociaci\u00f3n industrial de panaderos\u201d.<\/p>\n<p>&nbsp;<\/p>\n<p>\u201cVamos a acompa\u00f1arlos en la escuela de panader\u00eda que est\u00e1n desarrollando en su nuevo local, porque entendemos que hacen a la producci\u00f3n, al comercio\u00a0 y tambi\u00e9n al empleo en un sector que genera puestos de trabajo y esas son las pol\u00edticas que buscamos desarrollar\u201d, finaliz\u00f3 Aviano.<\/p>\n","protected":false},"excerpt":{"rendered":"<p>El secretario de Comercio Interior y Servicios, Juan Marcos Aviano, mantuvo este lunes una jornada de trabajo junto a la Sociedad de Carniceros y la Asociaci\u00f3n de Industriales Panaderos de Rosario, con el objetivo de ejecutar articuladamente acciones que contin\u00faen expandiendo los beneficios del programa Billetera Santa Fe a nuevas bocas de venta minorista del [&hellip;]<\/p>\n","protected":false},"author":2,"featured_media":26399,"comment_status":"open","ping_status":"open","sticky":false,"template":"","format":"standard","meta":{"_joinchat":[],"footnotes":""},"categories":[60],"tags":[],"class_list":{"0":"post-26397","1":"post","2":"type-post","3":"status-publish","4":"format-standard","5":"has-post-thumbnail","7":"category-provinciales"},"_links":{"self":[{"href":"https:\/\/infovera.com.ar\/web\/wp-json\/wp\/v2\/posts\/26397","targetHints":{"allow":["GET"]}}],"collection":[{"href":"https:\/\/infovera.com.ar\/web\/wp-json\/wp\/v2\/posts"}],"about":[{"href":"https:\/\/infovera.com.ar\/web\/wp-json\/wp\/v2\/types\/post"}],"author":[{"embeddable":true,"href":"https:\/\/infovera.com.ar\/web\/wp-json\/wp\/v2\/users\/2"}],"replies":[{"embeddable":true,"href":"https:\/\/infovera.com.ar\/web\/wp-json\/wp\/v2\/comments?post=26397"}],"version-history":[{"count":0,"href":"https:\/\/infovera.com.ar\/web\/wp-json\/wp\/v2\/posts\/26397\/revisions"}],"wp:featuredmedia":[{"embeddable":true,"href":"https:\/\/infovera.com.ar\/web\/wp-json\/wp\/v2\/media\/26399"}],"wp:attachment":[{"href":"https:\/\/infovera.com.ar\/web\/wp-json\/wp\/v2\/media?parent=26397"}],"wp:term":[{"taxonomy":"category","embeddable":true,"href":"https:\/\/infovera.com.ar\/web\/wp-json\/wp\/v2\/categories?post=26397"},{"taxonomy":"post_tag","embeddable":true,"href":"https:\/\/infovera.com.ar\/web\/wp-json\/wp\/v2\/tags?post=26397"}],"curies":[{"name":"wp","href":"https:\/\/api.w.org\/{rel}","templated":true}]}}