{"id":26382,"date":"2021-09-06T18:14:47","date_gmt":"2021-09-06T21:14:47","guid":{"rendered":"https:\/\/infovera.com.ar\/web\/?p=26382"},"modified":"2021-09-06T18:14:47","modified_gmt":"2021-09-06T21:14:47","slug":"microemprendedores-en-la-avenida","status":"publish","type":"post","link":"https:\/\/infovera.com.ar\/web\/2021\/09\/06\/microemprendedores-en-la-avenida\/","title":{"rendered":"Microemprendedores en la avenida"},"content":{"rendered":"<p>A trav\u00e9s de la Subsecretar\u00eda de Desarrollo Humano de la Municipalidad de Vera, se llev\u00f3 a cabo este domingo 5 de septiembre un nuevo encuentro de microemprendedores y artesanos verenses.<\/p>\n<p>La cita fue en el predio de Av. Corrientes, y cont\u00f3 con la participaci\u00f3n de alrededor de 20 emprendedores y artesanos de la ciudad, que con el apoyo de la Municipalidad de Vera, exponen sus productos a los verenses.<\/p>\n<p>Al respecto, la Subsecretaria de Desarrollo Humano, Jorgelina Vel\u00e1zquez sostuvo \u201cdesde el inicio de nuestra gesti\u00f3n hemos trabajado mancomunadamente con los emprendedores de la ciudad, gestionando y brindando herramientas necesarias para que puedan sostener y aumentar su emprendimiento\u201d.<\/p>\n","protected":false},"excerpt":{"rendered":"<p>A trav\u00e9s de la Subsecretar\u00eda de Desarrollo Humano de la Municipalidad de Vera, se llev\u00f3 a cabo este domingo 5 de septiembre un nuevo encuentro de microemprendedores y artesanos verenses. La cita fue en el predio de Av. Corrientes, y cont\u00f3 con la participaci\u00f3n de alrededor de 20 emprendedores y artesanos de la ciudad, que [&hellip;]<\/p>\n","protected":false},"author":3,"featured_media":26384,"comment_status":"open","ping_status":"open","sticky":false,"template":"","format":"standard","meta":{"_joinchat":[],"footnotes":""},"categories":[53],"tags":[],"class_list":{"0":"post-26382","1":"post","2":"type-post","3":"status-publish","4":"format-standard","5":"has-post-thumbnail","7":"category-vera"},"_links":{"self":[{"href":"https:\/\/infovera.com.ar\/web\/wp-json\/wp\/v2\/posts\/26382","targetHints":{"allow":["GET"]}}],"collection":[{"href":"https:\/\/infovera.com.ar\/web\/wp-json\/wp\/v2\/posts"}],"about":[{"href":"https:\/\/infovera.com.ar\/web\/wp-json\/wp\/v2\/types\/post"}],"author":[{"embeddable":true,"href":"https:\/\/infovera.com.ar\/web\/wp-json\/wp\/v2\/users\/3"}],"replies":[{"embeddable":true,"href":"https:\/\/infovera.com.ar\/web\/wp-json\/wp\/v2\/comments?post=26382"}],"version-history":[{"count":0,"href":"https:\/\/infovera.com.ar\/web\/wp-json\/wp\/v2\/posts\/26382\/revisions"}],"wp:featuredmedia":[{"embeddable":true,"href":"https:\/\/infovera.com.ar\/web\/wp-json\/wp\/v2\/media\/26384"}],"wp:attachment":[{"href":"https:\/\/infovera.com.ar\/web\/wp-json\/wp\/v2\/media?parent=26382"}],"wp:term":[{"taxonomy":"category","embeddable":true,"href":"https:\/\/infovera.com.ar\/web\/wp-json\/wp\/v2\/categories?post=26382"},{"taxonomy":"post_tag","embeddable":true,"href":"https:\/\/infovera.com.ar\/web\/wp-json\/wp\/v2\/tags?post=26382"}],"curies":[{"name":"wp","href":"https:\/\/api.w.org\/{rel}","templated":true}]}}