{"id":26341,"date":"2021-09-05T14:14:22","date_gmt":"2021-09-05T17:14:22","guid":{"rendered":"https:\/\/infovera.com.ar\/web\/?p=26341"},"modified":"2021-09-05T14:14:22","modified_gmt":"2021-09-05T17:14:22","slug":"pullaro-y-fabbroni-en-vera","status":"publish","type":"post","link":"https:\/\/infovera.com.ar\/web\/2021\/09\/05\/pullaro-y-fabbroni-en-vera\/","title":{"rendered":"Pullaro y Fabbroni en Vera"},"content":{"rendered":"<p><strong>En Vera, junto al senador Felipe Michlig y dirigentes regionales, el precandidato senador nacional Maximiliano Pullaro acompa\u00f1\u00f3 a Reynaldo Fabbroni y toda la lista de precandidatos para el Concejo.<\/strong><\/p>\n<p>En la Casa Radical, brindaron una conferencia de prensa.<\/p>\n<p>Luego, Pullaro estuvo la precandidata a concejal de Calchaqu\u00ed, Juliana Caillat y el precandidato a presidente comunal de Intiyaco y Colmena, Sergio Enriquez .<\/p>\n<p>&#8220;Con dirigentes y amigos de todos lados seguimos fortaleciendo la construcci\u00f3n de un Juntos por el Cambio diferente, m\u00e1s amplio, para llegar al Congreso y defender a SantaFe en el marco de un proyecto&#8221;, expres\u00f3 Pullaro.<\/p>\n","protected":false},"excerpt":{"rendered":"<p>En Vera, junto al senador Felipe Michlig y dirigentes regionales, el precandidato senador nacional Maximiliano Pullaro acompa\u00f1\u00f3 a Reynaldo Fabbroni y toda la lista de precandidatos para el Concejo. En la Casa Radical, brindaron una conferencia de prensa. Luego, Pullaro estuvo la precandidata a concejal de Calchaqu\u00ed, Juliana Caillat y el precandidato a presidente comunal [&hellip;]<\/p>\n","protected":false},"author":3,"featured_media":26343,"comment_status":"open","ping_status":"open","sticky":false,"template":"","format":"standard","meta":{"_joinchat":[],"footnotes":""},"categories":[66],"tags":[],"class_list":{"0":"post-26341","1":"post","2":"type-post","3":"status-publish","4":"format-standard","5":"has-post-thumbnail","7":"category-politica"},"_links":{"self":[{"href":"https:\/\/infovera.com.ar\/web\/wp-json\/wp\/v2\/posts\/26341","targetHints":{"allow":["GET"]}}],"collection":[{"href":"https:\/\/infovera.com.ar\/web\/wp-json\/wp\/v2\/posts"}],"about":[{"href":"https:\/\/infovera.com.ar\/web\/wp-json\/wp\/v2\/types\/post"}],"author":[{"embeddable":true,"href":"https:\/\/infovera.com.ar\/web\/wp-json\/wp\/v2\/users\/3"}],"replies":[{"embeddable":true,"href":"https:\/\/infovera.com.ar\/web\/wp-json\/wp\/v2\/comments?post=26341"}],"version-history":[{"count":0,"href":"https:\/\/infovera.com.ar\/web\/wp-json\/wp\/v2\/posts\/26341\/revisions"}],"wp:featuredmedia":[{"embeddable":true,"href":"https:\/\/infovera.com.ar\/web\/wp-json\/wp\/v2\/media\/26343"}],"wp:attachment":[{"href":"https:\/\/infovera.com.ar\/web\/wp-json\/wp\/v2\/media?parent=26341"}],"wp:term":[{"taxonomy":"category","embeddable":true,"href":"https:\/\/infovera.com.ar\/web\/wp-json\/wp\/v2\/categories?post=26341"},{"taxonomy":"post_tag","embeddable":true,"href":"https:\/\/infovera.com.ar\/web\/wp-json\/wp\/v2\/tags?post=26341"}],"curies":[{"name":"wp","href":"https:\/\/api.w.org\/{rel}","templated":true}]}}