{"id":25854,"date":"2021-09-02T15:09:48","date_gmt":"2021-09-02T18:09:48","guid":{"rendered":"https:\/\/infovera.com.ar\/web\/?p=25854"},"modified":"2021-09-02T15:09:48","modified_gmt":"2021-09-02T18:09:48","slug":"nueve-anos-de-prision-para-un-abusador-de-avellaneda","status":"publish","type":"post","link":"https:\/\/infovera.com.ar\/web\/2021\/09\/02\/nueve-anos-de-prision-para-un-abusador-de-avellaneda\/","title":{"rendered":"Nueve a\u00f1os de prisi\u00f3n para un abusador de Avellaneda"},"content":{"rendered":"<p><strong>Se trata de Nicol\u00e1s Juan Carlos Rol\u00f3n de 26 a\u00f1os. La pena es de cumplimiento efectivo y fue impuesta por el juez Mauricio Martelossi en un juicio en el que se abreviaron los procedimientos realizado en los tribunales de Reconquista. El fiscal que llev\u00f3 adelante la investigaci\u00f3n es Sebasti\u00e1n Marichal.<\/strong><\/p>\n<p>Un hombre de 26 a\u00f1os identificado como Nicol\u00e1s Juan Carlos Rol\u00f3n fue condenado a nueve a\u00f1os de prisi\u00f3n efectiva por haber cometido abusos sexuales en perjuicio de\u00a0una ni\u00f1a menor de edad de su entorno familiar en una zona rural de la ciudad de Avellaneda (departamento General Obligado).<\/p>\n<p>La sentencia fue resuelta por el juez Mauricio Martelossi en un juicio en el que se abreviaron los procedimientos que tuvo lugar en los tribunales de Reconquista. El fiscal Sebasti\u00e1n Marichal estuvo a cargo de la investigaci\u00f3n y subray\u00f3 que \u201cRol\u00f3n reconoci\u00f3 su responsabilidad penal por todos los hechos delictivos que le endilgamos\u201d.<\/p>\n<p><strong>En una vivienda<\/strong><\/p>\n<p>El funcionario del MPA se\u00f1al\u00f3 que \u201cdesde mediados de 2018 hasta junio de 2019, el condenado abus\u00f3 de la v\u00edctima en una vivienda rural en la que resid\u00edan junto a otros integrantes de su familia\u201d. En tal sentido, precis\u00f3 que \u201cla v\u00edctima era adolescente cuando ocurrieron los il\u00edcitos\u201d.<\/p>\n<p>Marichal afirm\u00f3 que \u201cen reiteradas oportunidades, Rol\u00f3n atent\u00f3 contra la integridad sexual de la v\u00edctima y la oblig\u00f3 a guardar silencio sobre sus padecimientos\u201d. Al respecto, remarc\u00f3 que \u201cde forma rutinaria, la adolescente era atacada cuando estaba sola y no ten\u00eda recursos para defenderse de manera efectiva, lo cual era previsto y planeado por el agresor\u201d.<br \/>\nAsimismo, puntualiz\u00f3 que \u201clos hechos delictivos tuvieron entidad suficiente para afectar la salud f\u00edsica y psicol\u00f3gica de la menor de edad\u201d, y valor\u00f3 que \u201ccuando ella logr\u00f3 contarle a su madre lo ocurrido, la mujer radic\u00f3 de inmediato la denuncia que dio origen a la investigaci\u00f3n\u201d.<\/p>\n<p><strong>Violencia<\/strong><\/p>\n<p>El fiscal detall\u00f3 que \u201cal hombre de 26 a\u00f1os se le atribuy\u00f3 la autor\u00eda de abuso sexual con acceso carnal y de abuso sexual gravemente ultrajante, ambos delitos cometidos mediante el uso de violencia y agravados (por la edad de la v\u00edctima y por la convivencia preexistente)\u201d.<\/p>\n<p>Por otro lado, Marichal inform\u00f3 que \u201cla Defensa de Rol\u00f3n acept\u00f3 la calificaci\u00f3n penal de los il\u00edcitos, el monto y el modo de ejecuci\u00f3n de la pena impuesta y el procedimiento abreviado elegido para llevar a cabo el juicio\u201d. Por su parte, \u201cla madre de la v\u00edctima fue notificada y expres\u00f3 estar de acuerdo con lo resuelto\u201d, concluy\u00f3.<\/p>\n<p><img loading=\"lazy\" decoding=\"async\" class=\" wp-image-22351 aligncenter\" src=\"https:\/\/infovera.com.ar\/web\/wp-content\/uploads\/2021\/06\/ACOSTA-3-300x54.jpg\" alt=\"\" width=\"683\" height=\"123\" srcset=\"https:\/\/infovera.com.ar\/web\/wp-content\/uploads\/2021\/06\/ACOSTA-3-300x54.jpg 300w, https:\/\/infovera.com.ar\/web\/wp-content\/uploads\/2021\/06\/ACOSTA-3.jpg 670w\" sizes=\"auto, (max-width: 683px) 100vw, 683px\" \/><\/p>\n<p>&nbsp;<\/p>\n","protected":false},"excerpt":{"rendered":"<p>Se trata de Nicol\u00e1s Juan Carlos Rol\u00f3n de 26 a\u00f1os. La pena es de cumplimiento efectivo y fue impuesta por el juez Mauricio Martelossi en un juicio en el que se abreviaron los procedimientos realizado en los tribunales de Reconquista. El fiscal que llev\u00f3 adelante la investigaci\u00f3n es Sebasti\u00e1n Marichal. Un hombre de 26 a\u00f1os [&hellip;]<\/p>\n","protected":false},"author":3,"featured_media":19178,"comment_status":"open","ping_status":"open","sticky":false,"template":"","format":"standard","meta":{"_joinchat":[],"footnotes":""},"categories":[30,55],"tags":[],"class_list":{"0":"post-25854","1":"post","2":"type-post","3":"status-publish","4":"format-standard","5":"has-post-thumbnail","7":"category-policiales","8":"category-reconquista"},"_links":{"self":[{"href":"https:\/\/infovera.com.ar\/web\/wp-json\/wp\/v2\/posts\/25854","targetHints":{"allow":["GET"]}}],"collection":[{"href":"https:\/\/infovera.com.ar\/web\/wp-json\/wp\/v2\/posts"}],"about":[{"href":"https:\/\/infovera.com.ar\/web\/wp-json\/wp\/v2\/types\/post"}],"author":[{"embeddable":true,"href":"https:\/\/infovera.com.ar\/web\/wp-json\/wp\/v2\/users\/3"}],"replies":[{"embeddable":true,"href":"https:\/\/infovera.com.ar\/web\/wp-json\/wp\/v2\/comments?post=25854"}],"version-history":[{"count":0,"href":"https:\/\/infovera.com.ar\/web\/wp-json\/wp\/v2\/posts\/25854\/revisions"}],"wp:featuredmedia":[{"embeddable":true,"href":"https:\/\/infovera.com.ar\/web\/wp-json\/wp\/v2\/media\/19178"}],"wp:attachment":[{"href":"https:\/\/infovera.com.ar\/web\/wp-json\/wp\/v2\/media?parent=25854"}],"wp:term":[{"taxonomy":"category","embeddable":true,"href":"https:\/\/infovera.com.ar\/web\/wp-json\/wp\/v2\/categories?post=25854"},{"taxonomy":"post_tag","embeddable":true,"href":"https:\/\/infovera.com.ar\/web\/wp-json\/wp\/v2\/tags?post=25854"}],"curies":[{"name":"wp","href":"https:\/\/api.w.org\/{rel}","templated":true}]}}