{"id":25830,"date":"2021-09-02T14:45:53","date_gmt":"2021-09-02T17:45:53","guid":{"rendered":"https:\/\/infovera.com.ar\/web\/?p=25830"},"modified":"2021-09-02T14:47:48","modified_gmt":"2021-09-02T17:47:48","slug":"malabrigo-la-aic-recupero-mercaderia-y-detuvo-a-una-persona","status":"publish","type":"post","link":"https:\/\/infovera.com.ar\/web\/2021\/09\/02\/malabrigo-la-aic-recupero-mercaderia-y-detuvo-a-una-persona\/","title":{"rendered":"Malabrigo: la AIC recuper\u00f3 mercader\u00eda y detuvo a una persona"},"content":{"rendered":"<p><strong>Los agentes allanaron una vivienda, detuvieron al sospechoso y recuperaron objetos robados.<\/strong><\/p>\n<p>La Agencia de Investigaci\u00f3n Criminal dependiente del Ministerio de Seguridad de Santa Fe, realiz\u00f3 una requisa domiciliaria y recuper\u00f3 material de inter\u00e9s para una causa judicial caratulada como Hurto Calificado y Falsa Denuncia, donde interviene la Fiscal\u00eda de Reconquista a cargo del Dr. Leandro Mai.<\/p>\n<p>Los Agentes de la AIC, en conjunto con la Comisar\u00eda 6ta de Malabrigo, recuperaron gran cantidad de material de inter\u00e9s para la causa: 22 cajas de parlantes port\u00e1tiles recargables con conexi\u00f3n bluetooth, un Paragolpes de VW AMAROK, 9 Bicicletas todo terreno, indumentaria, 10 Bobinas de cinta, una maquina levanta vidrio manual, 8 micas traseras de camioneta, 26 Tablets marca Samsung, y 127 Celulares de diferentes marcas.<\/p>\n<p><iframe loading=\"lazy\" title=\"Malabrigo: la AIC recuper\u00f3 mercader\u00eda y detuvo a una persona\" width=\"696\" height=\"522\" src=\"https:\/\/www.youtube.com\/embed\/Tdg9JGkdq7I?feature=oembed\" frameborder=\"0\" allow=\"accelerometer; autoplay; clipboard-write; encrypted-media; gyroscope; picture-in-picture; web-share\" referrerpolicy=\"strict-origin-when-cross-origin\" allowfullscreen><\/iframe><\/p>\n<p><img loading=\"lazy\" decoding=\"async\" class=\" wp-image-22351 aligncenter\" src=\"https:\/\/infovera.com.ar\/web\/wp-content\/uploads\/2021\/06\/ACOSTA-3-300x54.jpg\" alt=\"\" width=\"694\" height=\"125\" srcset=\"https:\/\/infovera.com.ar\/web\/wp-content\/uploads\/2021\/06\/ACOSTA-3-300x54.jpg 300w, https:\/\/infovera.com.ar\/web\/wp-content\/uploads\/2021\/06\/ACOSTA-3.jpg 670w\" sizes=\"auto, (max-width: 694px) 100vw, 694px\" \/><\/p>\n","protected":false},"excerpt":{"rendered":"<p>Los agentes allanaron una vivienda, detuvieron al sospechoso y recuperaron objetos robados. La Agencia de Investigaci\u00f3n Criminal dependiente del Ministerio de Seguridad de Santa Fe, realiz\u00f3 una requisa domiciliaria y recuper\u00f3 material de inter\u00e9s para una causa judicial caratulada como Hurto Calificado y Falsa Denuncia, donde interviene la Fiscal\u00eda de Reconquista a cargo del Dr. [&hellip;]<\/p>\n","protected":false},"author":3,"featured_media":25838,"comment_status":"open","ping_status":"open","sticky":false,"template":"","format":"standard","meta":{"_joinchat":[],"footnotes":""},"categories":[30,55],"tags":[],"class_list":{"0":"post-25830","1":"post","2":"type-post","3":"status-publish","4":"format-standard","5":"has-post-thumbnail","7":"category-policiales","8":"category-reconquista"},"_links":{"self":[{"href":"https:\/\/infovera.com.ar\/web\/wp-json\/wp\/v2\/posts\/25830","targetHints":{"allow":["GET"]}}],"collection":[{"href":"https:\/\/infovera.com.ar\/web\/wp-json\/wp\/v2\/posts"}],"about":[{"href":"https:\/\/infovera.com.ar\/web\/wp-json\/wp\/v2\/types\/post"}],"author":[{"embeddable":true,"href":"https:\/\/infovera.com.ar\/web\/wp-json\/wp\/v2\/users\/3"}],"replies":[{"embeddable":true,"href":"https:\/\/infovera.com.ar\/web\/wp-json\/wp\/v2\/comments?post=25830"}],"version-history":[{"count":0,"href":"https:\/\/infovera.com.ar\/web\/wp-json\/wp\/v2\/posts\/25830\/revisions"}],"wp:featuredmedia":[{"embeddable":true,"href":"https:\/\/infovera.com.ar\/web\/wp-json\/wp\/v2\/media\/25838"}],"wp:attachment":[{"href":"https:\/\/infovera.com.ar\/web\/wp-json\/wp\/v2\/media?parent=25830"}],"wp:term":[{"taxonomy":"category","embeddable":true,"href":"https:\/\/infovera.com.ar\/web\/wp-json\/wp\/v2\/categories?post=25830"},{"taxonomy":"post_tag","embeddable":true,"href":"https:\/\/infovera.com.ar\/web\/wp-json\/wp\/v2\/tags?post=25830"}],"curies":[{"name":"wp","href":"https:\/\/api.w.org\/{rel}","templated":true}]}}