{"id":25826,"date":"2021-09-01T20:39:08","date_gmt":"2021-09-01T23:39:08","guid":{"rendered":"https:\/\/infovera.com.ar\/web\/?p=25826"},"modified":"2021-09-01T20:39:08","modified_gmt":"2021-09-01T23:39:08","slug":"seghezzo-celebro-que-este-gobierno-le-de-continuidad-a-las-obras-que-dejamos-en-marcha","status":"publish","type":"post","link":"https:\/\/infovera.com.ar\/web\/2021\/09\/01\/seghezzo-celebro-que-este-gobierno-le-de-continuidad-a-las-obras-que-dejamos-en-marcha\/","title":{"rendered":"Seghezzo: &#8220;celebro que este gobierno le de continuidad a las obras que dejamos en marcha&#8221;"},"content":{"rendered":"<p>El precandidato a Senador Nacional suplente del Frente Amplio Progresista y Director Provincial de Vialidad, Pablo Seghezzo, se refiri\u00f3 a la consulta p\u00fablica que realizar\u00e1 el Gobierno Provincial sobre la pavimentaci\u00f3n y mejoras de la Ruta 3, entre Ca\u00f1ada Omb\u00fa y Los Amores.<\/p>\n<p>&nbsp;<\/p>\n<p>&#8220;Que el gobierno provincial realice esta consulta p\u00fablica, me parece una noticia excelente. Sobre el final de la gesti\u00f3n de Miguel, nos pidi\u00f3 que finalicemos todos los proyectos de obras, incluso el de la Ruta 3, proyecto que se logr\u00f3 finalizar y licitar.<\/p>\n<p>&nbsp;<\/p>\n<p>Esto es lo que necesita el norte, como dec\u00eda Miguel Lifschitz, necesitamos por lo menos 20 a\u00f1os de inversi\u00f3n en el norte de Santa Fe para equiparlo un poco con el sur. Celebro que, tarde, pero finalmente, este gobierno con los proyectos listos, tom\u00e9 la decisi\u00f3n pol\u00edtica y le de continuidad a todas las obras que dejamos en marcha&#8221;.<\/p>\n<p>&nbsp;<\/p>\n<p>Adem\u00e1s, Seghezzo hizo declaraciones sobre la postura del Gobierno de Perotti al frenar las obras del Plan del Norte: &#8220;es imperdonable que hayan parado absolutamente todas las obras y dejado a miles de familias sin trabajo en plena pandemia. Creo que fue un capricho para que despu\u00e9s tener los laureles de que todo lo hecho se deba a Perotti y no a Lifschitz, pero la gente sabe lo que hicimos y que siempre estuvimos&#8221;.<\/p>\n<p>&nbsp;<\/p>\n<p>Por \u00faltimo, hablo sobre la recorrida de Clara Garc\u00eda y Antonio Bonfatti: &#8220;estamos enfocados con Clara Garc\u00eda, me parece que es la persona ideal para liderar este gran espacio pol\u00edtico que gobern\u00f3 la provincia 12 a\u00f1os.<\/p>\n<p>&nbsp;<\/p>\n<p>Este jueves estaremos recorriendo el Departamento junto a Antonio Bonfatti y Rub\u00e9n Galassi, llevando el mensaje de que queremos defender a Santa Fe en el Congreso Nacional, siguiendo el legado de Hermes y Miguel&#8221;.<\/p>\n","protected":false},"excerpt":{"rendered":"<p>El precandidato a Senador Nacional suplente del Frente Amplio Progresista y Director Provincial de Vialidad, Pablo Seghezzo, se refiri\u00f3 a la consulta p\u00fablica que realizar\u00e1 el Gobierno Provincial sobre la pavimentaci\u00f3n y mejoras de la Ruta 3, entre Ca\u00f1ada Omb\u00fa y Los Amores. &nbsp; &#8220;Que el gobierno provincial realice esta consulta p\u00fablica, me parece una [&hellip;]<\/p>\n","protected":false},"author":2,"featured_media":25828,"comment_status":"open","ping_status":"open","sticky":false,"template":"","format":"standard","meta":{"_joinchat":[],"footnotes":""},"categories":[66],"tags":[],"class_list":{"0":"post-25826","1":"post","2":"type-post","3":"status-publish","4":"format-standard","5":"has-post-thumbnail","7":"category-politica"},"_links":{"self":[{"href":"https:\/\/infovera.com.ar\/web\/wp-json\/wp\/v2\/posts\/25826","targetHints":{"allow":["GET"]}}],"collection":[{"href":"https:\/\/infovera.com.ar\/web\/wp-json\/wp\/v2\/posts"}],"about":[{"href":"https:\/\/infovera.com.ar\/web\/wp-json\/wp\/v2\/types\/post"}],"author":[{"embeddable":true,"href":"https:\/\/infovera.com.ar\/web\/wp-json\/wp\/v2\/users\/2"}],"replies":[{"embeddable":true,"href":"https:\/\/infovera.com.ar\/web\/wp-json\/wp\/v2\/comments?post=25826"}],"version-history":[{"count":0,"href":"https:\/\/infovera.com.ar\/web\/wp-json\/wp\/v2\/posts\/25826\/revisions"}],"wp:featuredmedia":[{"embeddable":true,"href":"https:\/\/infovera.com.ar\/web\/wp-json\/wp\/v2\/media\/25828"}],"wp:attachment":[{"href":"https:\/\/infovera.com.ar\/web\/wp-json\/wp\/v2\/media?parent=25826"}],"wp:term":[{"taxonomy":"category","embeddable":true,"href":"https:\/\/infovera.com.ar\/web\/wp-json\/wp\/v2\/categories?post=25826"},{"taxonomy":"post_tag","embeddable":true,"href":"https:\/\/infovera.com.ar\/web\/wp-json\/wp\/v2\/tags?post=25826"}],"curies":[{"name":"wp","href":"https:\/\/api.w.org\/{rel}","templated":true}]}}