{"id":25821,"date":"2021-09-01T20:09:38","date_gmt":"2021-09-01T23:09:38","guid":{"rendered":"https:\/\/infovera.com.ar\/web\/?p=25821"},"modified":"2021-09-01T20:22:13","modified_gmt":"2021-09-01T23:22:13","slug":"antonio-bonfatti-estara-en-vera-este-jueves","status":"publish","type":"post","link":"https:\/\/infovera.com.ar\/web\/2021\/09\/01\/antonio-bonfatti-estara-en-vera-este-jueves\/","title":{"rendered":"Antonio Bonfatti estar\u00e1 en Vera este jueves"},"content":{"rendered":"<p>El ex Gobernador y ex presidente de la C\u00e1mara de Diputados, Antonio Bonfatti, visitar\u00e1 la ciudad de Vera este jueves y recorrer\u00e1 Instituciones junto al Diputado Provincial Rub\u00e9n Galassi y la precandidata a Concejal de Vera, Viviana Thomas.<\/p>\n<p>&nbsp;<\/p>\n<p>Adem\u00e1s, estar\u00e1 en Calchaqu\u00ed, La Gallareta y Margarita.<\/p>\n<p>&nbsp;<\/p>\n<p>&#8220;Una vez que le fue asignado el turno y recibi\u00f3 la segunda dosis de la vacuna contra el COVID, Bonfatti sali\u00f3 a defender al Frente Progresista, a militar a Clara Garcia y Monica Fein&#8221; declararon desde el espacio que representa Thomas.<\/p>\n<p>&nbsp;<\/p>\n","protected":false},"excerpt":{"rendered":"<p>El ex Gobernador y ex presidente de la C\u00e1mara de Diputados, Antonio Bonfatti, visitar\u00e1 la ciudad de Vera este jueves y recorrer\u00e1 Instituciones junto al Diputado Provincial Rub\u00e9n Galassi y la precandidata a Concejal de Vera, Viviana Thomas. &nbsp; Adem\u00e1s, estar\u00e1 en Calchaqu\u00ed, La Gallareta y Margarita. &nbsp; &#8220;Una vez que le fue asignado el [&hellip;]<\/p>\n","protected":false},"author":2,"featured_media":25823,"comment_status":"open","ping_status":"open","sticky":false,"template":"","format":"standard","meta":{"_joinchat":[],"footnotes":""},"categories":[66],"tags":[],"class_list":{"0":"post-25821","1":"post","2":"type-post","3":"status-publish","4":"format-standard","5":"has-post-thumbnail","7":"category-politica"},"_links":{"self":[{"href":"https:\/\/infovera.com.ar\/web\/wp-json\/wp\/v2\/posts\/25821","targetHints":{"allow":["GET"]}}],"collection":[{"href":"https:\/\/infovera.com.ar\/web\/wp-json\/wp\/v2\/posts"}],"about":[{"href":"https:\/\/infovera.com.ar\/web\/wp-json\/wp\/v2\/types\/post"}],"author":[{"embeddable":true,"href":"https:\/\/infovera.com.ar\/web\/wp-json\/wp\/v2\/users\/2"}],"replies":[{"embeddable":true,"href":"https:\/\/infovera.com.ar\/web\/wp-json\/wp\/v2\/comments?post=25821"}],"version-history":[{"count":0,"href":"https:\/\/infovera.com.ar\/web\/wp-json\/wp\/v2\/posts\/25821\/revisions"}],"wp:featuredmedia":[{"embeddable":true,"href":"https:\/\/infovera.com.ar\/web\/wp-json\/wp\/v2\/media\/25823"}],"wp:attachment":[{"href":"https:\/\/infovera.com.ar\/web\/wp-json\/wp\/v2\/media?parent=25821"}],"wp:term":[{"taxonomy":"category","embeddable":true,"href":"https:\/\/infovera.com.ar\/web\/wp-json\/wp\/v2\/categories?post=25821"},{"taxonomy":"post_tag","embeddable":true,"href":"https:\/\/infovera.com.ar\/web\/wp-json\/wp\/v2\/tags?post=25821"}],"curies":[{"name":"wp","href":"https:\/\/api.w.org\/{rel}","templated":true}]}}