{"id":25751,"date":"2021-08-31T19:36:03","date_gmt":"2021-08-31T22:36:03","guid":{"rendered":"https:\/\/infovera.com.ar\/web\/?p=25751"},"modified":"2021-08-31T19:36:03","modified_gmt":"2021-08-31T22:36:03","slug":"vivi-thomas-y-la-diputada-mahmud-recorrieron-instituciones","status":"publish","type":"post","link":"https:\/\/infovera.com.ar\/web\/2021\/08\/31\/vivi-thomas-y-la-diputada-mahmud-recorrieron-instituciones\/","title":{"rendered":"Vivi Thomas y la Diputada Mahmud recorrieron instituciones"},"content":{"rendered":"<p dir=\"ltr\">La Precandidata a Concejal del Frente Progresista, Viviana Thomas, junto a la Diputada Provincial, Gisel Mahmud, y los integrantes de la lista, Daniel Martin y Ana Paula Capello, visitaron la EESO N\u00b0 702 y el Club Estudiantes de la ciudad para entregar elementos deportivos, adem\u00e1s de dialogar con los integrantes de las instituciones.<\/p>\n<p>&nbsp;<\/p>\n<p dir=\"ltr\">Thomas expres\u00f3 &#8220;el 19 de Febrero de 2018, el ex gobernador Miguel Lifschitz y la ex ministra de Educaci\u00f3n Claudia Balagu\u00e9 a trav\u00e9s del Plan del Norte firmaban el decreto N\u00ba 4607 por el cual se creaba la Escuela de Educaci\u00f3n Secundaria Orientada N\u00b0 702, produci\u00e9ndose la independizaci\u00f3n del Anexo de la EET N\u00ba 1285, ubicada en barrio Itat\u00ed de Vera.<\/p>\n<p>&nbsp;<\/p>\n<p dir=\"ltr\">Fue un lugar donde fuertemente se ancl\u00f3 el programa Nueva oportunidad y que tenemos un compromiso y cari\u00f1o particular por verla nacer.<\/p>\n<p>&nbsp;<\/p>\n<p dir=\"ltr\">Junto a la Diputada, hemos realizado una visita a las instalaciones de la Escuela Secundaria N\u00b0 702, e hicimos entrega de elementos deportivos a sus directivos<\/p>\n<p>&nbsp;<\/p>\n<p dir=\"ltr\">Por otra parte, Daniel Martin, quien acompa\u00f1a a Thomas en la lista declar\u00f3 &#8220;Tambi\u00e9n, visitamos el Club Atl\u00e9tico Cultural Estudiantes Unidos (C.A.C.E.U), y dialogamos sobre el f\u00fatbol femenino con dirigentes y jugadoras, comentando sobre el proyecto de Ley de Promoci\u00f3n del deporte femenino en Santa Fe<\/p>\n","protected":false},"excerpt":{"rendered":"<p>La Precandidata a Concejal del Frente Progresista, Viviana Thomas, junto a la Diputada Provincial, Gisel Mahmud, y los integrantes de la lista, Daniel Martin y Ana Paula Capello, visitaron la EESO N\u00b0 702 y el Club Estudiantes de la ciudad para entregar elementos deportivos, adem\u00e1s de dialogar con los integrantes de las instituciones. &nbsp; Thomas [&hellip;]<\/p>\n","protected":false},"author":2,"featured_media":25753,"comment_status":"open","ping_status":"open","sticky":false,"template":"","format":"standard","meta":{"_joinchat":[],"footnotes":""},"categories":[66],"tags":[],"class_list":{"0":"post-25751","1":"post","2":"type-post","3":"status-publish","4":"format-standard","5":"has-post-thumbnail","7":"category-politica"},"_links":{"self":[{"href":"https:\/\/infovera.com.ar\/web\/wp-json\/wp\/v2\/posts\/25751","targetHints":{"allow":["GET"]}}],"collection":[{"href":"https:\/\/infovera.com.ar\/web\/wp-json\/wp\/v2\/posts"}],"about":[{"href":"https:\/\/infovera.com.ar\/web\/wp-json\/wp\/v2\/types\/post"}],"author":[{"embeddable":true,"href":"https:\/\/infovera.com.ar\/web\/wp-json\/wp\/v2\/users\/2"}],"replies":[{"embeddable":true,"href":"https:\/\/infovera.com.ar\/web\/wp-json\/wp\/v2\/comments?post=25751"}],"version-history":[{"count":0,"href":"https:\/\/infovera.com.ar\/web\/wp-json\/wp\/v2\/posts\/25751\/revisions"}],"wp:featuredmedia":[{"embeddable":true,"href":"https:\/\/infovera.com.ar\/web\/wp-json\/wp\/v2\/media\/25753"}],"wp:attachment":[{"href":"https:\/\/infovera.com.ar\/web\/wp-json\/wp\/v2\/media?parent=25751"}],"wp:term":[{"taxonomy":"category","embeddable":true,"href":"https:\/\/infovera.com.ar\/web\/wp-json\/wp\/v2\/categories?post=25751"},{"taxonomy":"post_tag","embeddable":true,"href":"https:\/\/infovera.com.ar\/web\/wp-json\/wp\/v2\/tags?post=25751"}],"curies":[{"name":"wp","href":"https:\/\/api.w.org\/{rel}","templated":true}]}}