{"id":25688,"date":"2021-08-30T17:22:33","date_gmt":"2021-08-30T20:22:33","guid":{"rendered":"https:\/\/infovera.com.ar\/web\/?p=25688"},"modified":"2021-08-30T17:22:33","modified_gmt":"2021-08-30T20:22:33","slug":"los-atletas-santafesinos-martinez-y-carlomagno-se-subieron-al-podio-de-los-juegos-paralimpicos","status":"publish","type":"post","link":"https:\/\/infovera.com.ar\/web\/2021\/08\/30\/los-atletas-santafesinos-martinez-y-carlomagno-se-subieron-al-podio-de-los-juegos-paralimpicos\/","title":{"rendered":"Los atletas santafesinos Mart\u00ednez y Carlomagno se subieron al podio de los Juegos Paral\u00edmpicos"},"content":{"rendered":"<p>En el marco del desarrollo de los Juegos Paral\u00edmpicos de Tokio 2020, que comenzaron el 24 de agosto y finalizar\u00e1n el 5 de septiembre, la delegaci\u00f3n de nuestro pa\u00eds obtuvo hasta el momento 3 medallas y dos fueron logradas por deportistas de Santa Fe este fin de semana. E primera instancia, el s\u00e1bado por la noche, la atleta Yanina Mart\u00ednez gan\u00f3 la medalla de bronce en los 200m T36. En la final, la rosarina cruz\u00f3 la meta en 4\u00b0 lugar con un tiempo de 30s96, su mejor marca de la temporada, sin embargo, la alemana Nicole Nicoleitzik qued\u00f3 descalificada y la santafesina subi\u00f3 al 3er lugar del podio.<\/p>\n<p>&nbsp;<\/p>\n<p>Por su parte, el d\u00eda domingo, el nadador Fernando \u201cPipo\u201d Carlomagno logr\u00f3 la medalla de plata en los 100m espalda S7 con un tiempo de 1m08s83, a s\u00f3lo 0s69 del ucraniano Andrii Trusov, oro y r\u00e9cord mundial. Luego de 17 a\u00f1os, cuando Guillermo Marro fue subcampe\u00f3n en Atenas 2004, Argentina vuelve a estar en el segundo escal\u00f3n podio de la nataci\u00f3n paral\u00edmpica.<\/p>\n<p>&nbsp;<\/p>\n<p>Durante la prueba, Fernando baj\u00f3 29 cent\u00e9simas su marca de la eliminatoria, donde hab\u00eda registrado provisoriamente el r\u00e9cord paral\u00edmpico. Con este podio hist\u00f3rico, \u201cPipo\u201d complet\u00f3 su actuaci\u00f3n en Jap\u00f3n, donde obtuvo el 4to lugar y Diploma Paral\u00edmpico en los 200m combinado S7 y en 100m pecho 6B6 lleg\u00f3 en 10\u00b0 lugar.<\/p>\n<p>&nbsp;<\/p>\n<p>Cabe se\u00f1alar, que esta edici\u00f3n de los Juegos cuentan con la participando 57 atletas de Argentina y cuatro de nuestra provincia: adem\u00e1s de Yanina Mart\u00ednez y Fabi\u00e1n Ram\u00edrez que llevaron la bandera nacional en la Ceremonia Inaugural, participan Fernando \u201cPipo\u201d Carlomagno y Brian Impellizzeri.<\/p>\n<p>&nbsp;<\/p>\n<p>Con estas preseas, la Delegaci\u00f3n Argentina suma tres medallas en estos Juegos Paral\u00edmpicos, la primera de bronce fue de la entrerriana Antonella Ruiz D\u00edaz en lanzamiento de bala F41.<\/p>\n<p>&nbsp;<\/p>\n<p>AGENDA SANTAFESINA<\/p>\n<p>&nbsp;<\/p>\n<p>Los Juegos Paral\u00edmpicos todav\u00eda tienen competencias y con presencia santafesina, que seriamente buscar\u00e1 subirse al podio. El martes a las 23:15 horas Yanina Mart\u00ednez buscar\u00e1 redoblar la apuesta y retener su medalla de oro en R\u00edo 2016 en la semifinal de los 100 mts, y si todo sale bien tendr\u00e1 la final el mi\u00e9rcoles a las 07:10.<\/p>\n<p>&nbsp;<\/p>\n<p>En tanto, el d\u00eda mi\u00e9rcoles desde las 21:35 Brian Impellizzeri comenzar\u00e1 su prueba de salto en largo. El atleta rosarino tambi\u00e9n competir\u00e1 en las eliminatorias de los 200 metros el d\u00eda viernes a las 08:12<\/p>\n","protected":false},"excerpt":{"rendered":"<p>En el marco del desarrollo de los Juegos Paral\u00edmpicos de Tokio 2020, que comenzaron el 24 de agosto y finalizar\u00e1n el 5 de septiembre, la delegaci\u00f3n de nuestro pa\u00eds obtuvo hasta el momento 3 medallas y dos fueron logradas por deportistas de Santa Fe este fin de semana. E primera instancia, el s\u00e1bado por la [&hellip;]<\/p>\n","protected":false},"author":2,"featured_media":25690,"comment_status":"open","ping_status":"open","sticky":false,"template":"","format":"standard","meta":{"_joinchat":[],"footnotes":""},"categories":[31,60],"tags":[],"class_list":{"0":"post-25688","1":"post","2":"type-post","3":"status-publish","4":"format-standard","5":"has-post-thumbnail","7":"category-deportes","8":"category-provinciales"},"_links":{"self":[{"href":"https:\/\/infovera.com.ar\/web\/wp-json\/wp\/v2\/posts\/25688","targetHints":{"allow":["GET"]}}],"collection":[{"href":"https:\/\/infovera.com.ar\/web\/wp-json\/wp\/v2\/posts"}],"about":[{"href":"https:\/\/infovera.com.ar\/web\/wp-json\/wp\/v2\/types\/post"}],"author":[{"embeddable":true,"href":"https:\/\/infovera.com.ar\/web\/wp-json\/wp\/v2\/users\/2"}],"replies":[{"embeddable":true,"href":"https:\/\/infovera.com.ar\/web\/wp-json\/wp\/v2\/comments?post=25688"}],"version-history":[{"count":0,"href":"https:\/\/infovera.com.ar\/web\/wp-json\/wp\/v2\/posts\/25688\/revisions"}],"wp:featuredmedia":[{"embeddable":true,"href":"https:\/\/infovera.com.ar\/web\/wp-json\/wp\/v2\/media\/25690"}],"wp:attachment":[{"href":"https:\/\/infovera.com.ar\/web\/wp-json\/wp\/v2\/media?parent=25688"}],"wp:term":[{"taxonomy":"category","embeddable":true,"href":"https:\/\/infovera.com.ar\/web\/wp-json\/wp\/v2\/categories?post=25688"},{"taxonomy":"post_tag","embeddable":true,"href":"https:\/\/infovera.com.ar\/web\/wp-json\/wp\/v2\/tags?post=25688"}],"curies":[{"name":"wp","href":"https:\/\/api.w.org\/{rel}","templated":true}]}}